{"id":74,"date":"2019-08-22T15:57:52","date_gmt":"2019-08-22T13:57:52","guid":{"rendered":"https:\/\/schulen-colditz.de\/oberschule\/?p=74"},"modified":"2021-11-14T14:27:44","modified_gmt":"2021-11-14T13:27:44","slug":"5-schulskills-2019-an-der-sophienschule-colditz","status":"publish","type":"post","link":"https:\/\/schulen-colditz.de\/oberschule\/5-schulskills-2019-an-der-sophienschule-colditz\/","title":{"rendered":"5. Schulskills 2019 an der Sophienschule Colditz"},"content":{"rendered":"\n<figure class=\"wp-block-gallery has-nested-images columns-default is-cropped wp-block-gallery-1 is-layout-flex wp-block-gallery-is-layout-flex\">\n<figure class=\"wp-block-image size-large\"><img loading=\"lazy\" decoding=\"async\" width=\"768\" height=\"373\" data-id=\"55\" src=\"https:\/\/schulen-colditz.de\/oberschule\/wp-content\/uploads\/sites\/2\/2019\/08\/SchulskillsB1-768x373.jpg\" alt=\"\" class=\"wp-image-55\" srcset=\"https:\/\/schulen-colditz.de\/oberschule\/wp-content\/uploads\/sites\/2\/2019\/08\/SchulskillsB1-768x373.jpg 768w, https:\/\/schulen-colditz.de\/oberschule\/wp-content\/uploads\/sites\/2\/2019\/08\/SchulskillsB1-768x373-300x146.jpg 300w, https:\/\/schulen-colditz.de\/oberschule\/wp-content\/uploads\/sites\/2\/2019\/08\/SchulskillsB1-768x373-540x262.jpg 540w\" sizes=\"auto, (max-width: 768px) 100vw, 768px\" \/><\/figure>\n\n\n\n<figure class=\"wp-block-image size-large\"><img loading=\"lazy\" decoding=\"async\" width=\"498\" height=\"1024\" data-id=\"53\" src=\"https:\/\/schulen-colditz.de\/oberschule\/wp-content\/uploads\/sites\/2\/2019\/08\/20190508_105444-498x1024-498x1024.jpg\" alt=\"\" class=\"wp-image-53\" srcset=\"https:\/\/schulen-colditz.de\/oberschule\/wp-content\/uploads\/sites\/2\/2019\/08\/20190508_105444-498x1024.jpg 498w, https:\/\/schulen-colditz.de\/oberschule\/wp-content\/uploads\/sites\/2\/2019\/08\/20190508_105444-498x1024-146x300.jpg 146w\" sizes=\"auto, (max-width: 498px) 100vw, 498px\" \/><\/figure>\n\n\n\n<figure class=\"wp-block-image size-large\"><img loading=\"lazy\" decoding=\"async\" width=\"768\" height=\"1024\" data-id=\"54\" src=\"https:\/\/schulen-colditz.de\/oberschule\/wp-content\/uploads\/sites\/2\/2019\/08\/IMG-20190508-WA0005-768x1024-768x1024.jpg\" alt=\"\" class=\"wp-image-54\" srcset=\"https:\/\/schulen-colditz.de\/oberschule\/wp-content\/uploads\/sites\/2\/2019\/08\/IMG-20190508-WA0005-768x1024.jpg 768w, https:\/\/schulen-colditz.de\/oberschule\/wp-content\/uploads\/sites\/2\/2019\/08\/IMG-20190508-WA0005-768x1024-225x300.jpg 225w, https:\/\/schulen-colditz.de\/oberschule\/wp-content\/uploads\/sites\/2\/2019\/08\/IMG-20190508-WA0005-768x1024-540x720.jpg 540w\" sizes=\"auto, (max-width: 768px) 100vw, 768px\" \/><\/figure>\n<\/figure>\n\n\n\n<p class=\"wp-block-paragraph\">Am Morgen des 8. Mai war kaum noch ein Parkplatz auf dem Sophienplatz zu finden. Personen der \u00d6ffentlichkeit wie Herr Kirmes \u2013 S\u00e4chs. Landtagsabgeordneter, Herr Zillmann \u2013 B\u00fcrgermeister unserer Stadt, Frau Seidel \u2013 Referat S\u00e4chsische Bildungsagentur, waren im Schulhaus begr\u00fc\u00dft worden. Was war denn da los? Die Antwort ist ganz einfach: An unserer Schule fanden nun bereits zum f\u00fcnften Mal die Schulskills statt.<\/p>\n\n\n\n<p class=\"wp-block-paragraph\">Wenn Sie sich nun fragen, was sich dahinter verbirgt, dann lesen Sie einfach weiter.<\/p>\n\n\n\n<p class=\"wp-block-paragraph\">Wer f\u00fcr die Zukunft gewappnet sein will, der sollte unbedingt \u00fcber die notwendigen Skills verf\u00fcgen.&nbsp;<em>Skills<\/em>&nbsp;sind die F\u00e4higkeiten, auf die unsere k\u00fcnftigen Arbeitgeber besonderen Wert legen, 28 Unternehmen konfrontierten uns mit ihren Anforderungen. In Theorie und Praxis wurden uns die verschiedensten Berufe nahegebracht und beim Durchlaufen verschiedener Stationen konnte jeder Sch\u00fcler zeigen, wie es mit seinen Kompetenzen steht.&nbsp;<\/p>\n\n\n\n<p class=\"wp-block-paragraph\">Alle Sch\u00fcler der Klassenstufe 7\u20139 wurden so eingeteilt, dass jeder innerhalb einer kleinen Gruppe vier verschiedene Anlaufpunkte hatte.<\/p>\n\n\n\n<p class=\"wp-block-paragraph\">Einer davon war die Bereitschaftspolizei Leipzig. Hier sprachen wir zun\u00e4chst dar\u00fcber, worauf wir achten m\u00fcssen und was wir alles f\u00fcr M\u00f6glichkeiten haben, wenn wir zur Polizei wollen. Danach wurde uns gezeigt, was zur Kleidung eines Polizeibeamten beim Einsatz geh\u00f6rt. Wir durften auch mal so eine Weste (7 kg) anziehen und einen Helm (2,5 kg) aufsetzen. Jetzt folgte der praktische Teil. Nach erfolgter Aufw\u00e4rmung hie\u00df es f\u00fcr jeden Vorw\u00e4rtsrolle, Medizinball rennen, Springen \u00fcber ein Kastenteil und durch ein weiteres kriechen. Und das ganze 9mal innerhalb von 1 Minute. Schon ziemlich geschafft, Liegest\u00fctze mit gekreuzten Beinen und davon so viele, wie nur m\u00f6glich. Ohne Durchhalteverm\u00f6gen und Z\u00e4hne zusammenbei\u00dfen war das nicht zu packen.<\/p>\n\n\n\n<p class=\"wp-block-paragraph\">Handwerkliche F\u00e4higkeiten waren beim Raumausstatter B\u00f6hme-Voigt gefragt. Wir legten Hand zum Nutzen der Schule an. St\u00fchle aus der Aula wurden unter Anleitung auseinander gebaut, die Bez\u00fcge von der Lehne und von der Sitzfl\u00e4che abgemacht und neue wieder festgetackert. Zum Schluss bauten wir den Stuhl nat\u00fcrlich auch wieder zusammen.<\/p>\n\n\n\n<p class=\"wp-block-paragraph\">Wie sich Menschen im Alter f\u00fchlen, wenn die Knochen alt, die Augen m\u00fcde und unsere Ohren schlechter werden, zeigten uns die Mitarbeiter des DRK. Um dieses Gef\u00fchl zu erlangen, bekam jeder Gewichte um die Kn\u00f6chel, die Handgelenke und um den Oberk\u00f6rper. Eine Brille verlieh uns nur noch ein Viertelt der Sehkraft. Sobald wir das alles am Mann hatten, ging es den Flur die Treppen hoch und runter. Eine echte Herausforderung.<\/p>\n\n\n\n<p class=\"wp-block-paragraph\">Die 5. und 6. Klasse absolvierte diesen Tag in der BBS und durchliefen einen spielerischen Stationskreislauf.<\/p>\n\n\n\n<p class=\"wp-block-paragraph\">So entstanden unter Anleitung von Frau Domann in der Schreibwerkstatt kleine B\u00fccher zum Thema Gef\u00fchle. Dies hilft, eine Br\u00fccke zwischen Schulsozialarbeit und Bibliothek zu schlagen. Frau Kie\u00dfig n\u00e4hte wieder flei\u00dfig mit den Sch\u00fclern. In diesem Jahr stellten alle einen Knuddel-Buddie her.<\/p>\n\n\n\n<p class=\"wp-block-paragraph\">In der Holzwerkstatt leitete Frau Voigt vom Bildungs- und Sozialwerk Muldental e.V. das Ausf\u00fchren handwerklicher F\u00e4higkeiten an. Es wurde flei\u00dfig ges\u00e4gt, gefeilt und geschliffen, um den Bau eines Reagenzglas-Halters herzustellen. Und das brachte einige an ihre Grenzen.<\/p>\n\n\n\n<p class=\"wp-block-paragraph\">Frau Salomon, Kriminalhauptmeisterin der Polizeidirektion Leipzig, erl\u00e4uterte die Aufgaben und Anforderungen eines solchen Jobs und die Gefahren des Drogenkonsums.<\/p>\n\n\n\n<p class=\"wp-block-paragraph\">Interessant war es auch, unsere J\u00fcngeren beim Bereiten eines gesunden Fr\u00fchst\u00fccks zu beobachten. Zun\u00e4chst standen sie teilweise skeptisch dem vorgeschlagenen Vollkornbrot mit Kr\u00e4uterquark gegen\u00fcber. Aber nachdem sie unter Leitung von Frau Marschner selbst ihren Quark mit frischem Schnittlauch aus unserem Schulgarten bereitet hatten, a\u00df jeder gen\u00fcsslich seine Schnitte und trank dazu den ebenfalls selbst hergestellten Milchshake. Und zum Nachtisch gab es einen tollen Obstsalat, bei dem auch jeder geholfen hatte.<\/p>\n\n\n\n<p class=\"wp-block-paragraph\">Das war aber noch lange nicht alles. Die Sparkasse Muldental lie\u00df unter anderem Geldscheine auf Echtheit pr\u00fcfen, bei der K\u00f6hraer Frische GmbH wurden Fr\u00fcchtespie\u00dfe hergestellt, die Elektro GmbH Grimma reparierte mit den Sch\u00fclern Kabel u.s.w.<\/p>\n\n\n\n<p class=\"wp-block-paragraph\">Neben den vielen verschiedenen Fertigkeiten, die wir nachweisen konnten, hatten alle Stationen eines gemeinsam \u2013 sie brachten uns ihre Ausbildungsberufe und die entsprechenden Anforderungen zur Erlangung und Aus\u00fcbung dieser nahe.<\/p>\n\n\n\n<p class=\"wp-block-paragraph\">Es war eine gelungene Veranstaltung.<\/p>\n\n\n\n<p class=\"wp-block-paragraph\">Dieser gesamte Tag w\u00e4re aber nicht denkbar gewesen, ohne die gro\u00dfz\u00fcgige Spende der Sparkasse Muldental, die Zeit aller&nbsp; beteiligten Unternehmen und die engagierten Helfer und Helferinnen.&nbsp;<strong>An dieser Stelle ein gro\u00dfes Dankesch\u00f6n daf\u00fcr.<\/strong><\/p>\n\n\n\n<p class=\"wp-block-paragraph\"><em>Redaktion Sch\u00fclerzeitung<\/em><\/p>\n","protected":false},"excerpt":{"rendered":"<p>Am Morgen des 8. Mai war kaum noch ein Parkplatz auf dem Sophienplatz zu finden. Personen der \u00d6ffentlichkeit wie Herr Kirmes \u2013 S\u00e4chs. Landtagsabgeordneter, Herr Zillmann \u2013 B\u00fcrgermeister&hellip;<\/p>\n","protected":false},"author":1,"featured_media":55,"comment_status":"closed","ping_status":"open","sticky":false,"template":"","format":"standard","meta":{"_crdt_document":"","inline_featured_image":false,"_uag_custom_page_level_css":"","pgc_sgb_lightbox_settings":"","footnotes":""},"categories":[1,5],"tags":[],"class_list":["post-74","post","type-post","status-publish","format-standard","has-post-thumbnail","hentry","category-allgemein","category-projekte"],"yoast_head":"<!-- This site is optimized with the Yoast SEO plugin v27.5 - https:\/\/yoast.com\/product\/yoast-seo-wordpress\/ -->\n<title>5. Schulskills 2019 an der Sophienschule Colditz - Oberschule Colditz<\/title>\n<meta name=\"robots\" content=\"index, follow, max-snippet:-1, max-image-preview:large, max-video-preview:-1\" \/>\n<link rel=\"canonical\" href=\"https:\/\/schulen-colditz.de\/oberschule\/5-schulskills-2019-an-der-sophienschule-colditz\/\" \/>\n<meta property=\"og:locale\" content=\"de_DE\" \/>\n<meta property=\"og:type\" content=\"article\" \/>\n<meta property=\"og:title\" content=\"5. Schulskills 2019 an der Sophienschule Colditz - Oberschule Colditz\" \/>\n<meta property=\"og:description\" content=\"Am Morgen des 8. Mai war kaum noch ein Parkplatz auf dem Sophienplatz zu finden. Personen der \u00d6ffentlichkeit wie Herr Kirmes \u2013 S\u00e4chs. Landtagsabgeordneter, Herr Zillmann \u2013 B\u00fcrgermeister&hellip;\" \/>\n<meta property=\"og:url\" content=\"https:\/\/schulen-colditz.de\/oberschule\/5-schulskills-2019-an-der-sophienschule-colditz\/\" \/>\n<meta property=\"og:site_name\" content=\"Oberschule Colditz\" \/>\n<meta property=\"article:published_time\" content=\"2019-08-22T13:57:52+00:00\" \/>\n<meta property=\"article:modified_time\" content=\"2021-11-14T13:27:44+00:00\" \/>\n<meta property=\"og:image\" content=\"https:\/\/schulen-colditz.de\/oberschule\/wp-content\/uploads\/sites\/2\/2019\/08\/SchulskillsB1-768x373.jpg\" \/>\n\t<meta property=\"og:image:width\" content=\"768\" \/>\n\t<meta property=\"og:image:height\" content=\"373\" \/>\n\t<meta property=\"og:image:type\" content=\"image\/jpeg\" \/>\n<meta name=\"author\" content=\"knick\" \/>\n<meta name=\"twitter:card\" content=\"summary_large_image\" \/>\n<meta name=\"twitter:label1\" content=\"Verfasst von\" \/>\n\t<meta name=\"twitter:data1\" content=\"knick\" \/>\n\t<meta name=\"twitter:label2\" content=\"Gesch\u00e4tzte Lesezeit\" \/>\n\t<meta name=\"twitter:data2\" content=\"4\u00a0Minuten\" \/>\n<script type=\"application\/ld+json\" class=\"yoast-schema-graph\">{\"@context\":\"https:\\\/\\\/schema.org\",\"@graph\":[{\"@type\":\"Article\",\"@id\":\"https:\\\/\\\/schulen-colditz.de\\\/oberschule\\\/5-schulskills-2019-an-der-sophienschule-colditz\\\/#article\",\"isPartOf\":{\"@id\":\"https:\\\/\\\/schulen-colditz.de\\\/oberschule\\\/5-schulskills-2019-an-der-sophienschule-colditz\\\/\"},\"author\":{\"name\":\"knick\",\"@id\":\"https:\\\/\\\/schulen-colditz.de\\\/oberschule\\\/#\\\/schema\\\/person\\\/a91165f125af22c92cb3e639790bcb02\"},\"headline\":\"5. Schulskills 2019 an der Sophienschule Colditz\",\"datePublished\":\"2019-08-22T13:57:52+00:00\",\"dateModified\":\"2021-11-14T13:27:44+00:00\",\"mainEntityOfPage\":{\"@id\":\"https:\\\/\\\/schulen-colditz.de\\\/oberschule\\\/5-schulskills-2019-an-der-sophienschule-colditz\\\/\"},\"wordCount\":740,\"publisher\":{\"@id\":\"https:\\\/\\\/schulen-colditz.de\\\/oberschule\\\/#organization\"},\"image\":{\"@id\":\"https:\\\/\\\/schulen-colditz.de\\\/oberschule\\\/5-schulskills-2019-an-der-sophienschule-colditz\\\/#primaryimage\"},\"thumbnailUrl\":\"https:\\\/\\\/schulen-colditz.de\\\/oberschule\\\/wp-content\\\/uploads\\\/sites\\\/2\\\/2019\\\/08\\\/SchulskillsB1-768x373.jpg\",\"articleSection\":{\"1\":\"Projekte\"},\"inLanguage\":\"de\"},{\"@type\":\"WebPage\",\"@id\":\"https:\\\/\\\/schulen-colditz.de\\\/oberschule\\\/5-schulskills-2019-an-der-sophienschule-colditz\\\/\",\"url\":\"https:\\\/\\\/schulen-colditz.de\\\/oberschule\\\/5-schulskills-2019-an-der-sophienschule-colditz\\\/\",\"name\":\"5. Schulskills 2019 an der Sophienschule Colditz - Oberschule Colditz\",\"isPartOf\":{\"@id\":\"https:\\\/\\\/schulen-colditz.de\\\/oberschule\\\/#website\"},\"primaryImageOfPage\":{\"@id\":\"https:\\\/\\\/schulen-colditz.de\\\/oberschule\\\/5-schulskills-2019-an-der-sophienschule-colditz\\\/#primaryimage\"},\"image\":{\"@id\":\"https:\\\/\\\/schulen-colditz.de\\\/oberschule\\\/5-schulskills-2019-an-der-sophienschule-colditz\\\/#primaryimage\"},\"thumbnailUrl\":\"https:\\\/\\\/schulen-colditz.de\\\/oberschule\\\/wp-content\\\/uploads\\\/sites\\\/2\\\/2019\\\/08\\\/SchulskillsB1-768x373.jpg\",\"datePublished\":\"2019-08-22T13:57:52+00:00\",\"dateModified\":\"2021-11-14T13:27:44+00:00\",\"breadcrumb\":{\"@id\":\"https:\\\/\\\/schulen-colditz.de\\\/oberschule\\\/5-schulskills-2019-an-der-sophienschule-colditz\\\/#breadcrumb\"},\"inLanguage\":\"de\",\"potentialAction\":[{\"@type\":\"ReadAction\",\"target\":[\"https:\\\/\\\/schulen-colditz.de\\\/oberschule\\\/5-schulskills-2019-an-der-sophienschule-colditz\\\/\"]}]},{\"@type\":\"ImageObject\",\"inLanguage\":\"de\",\"@id\":\"https:\\\/\\\/schulen-colditz.de\\\/oberschule\\\/5-schulskills-2019-an-der-sophienschule-colditz\\\/#primaryimage\",\"url\":\"https:\\\/\\\/schulen-colditz.de\\\/oberschule\\\/wp-content\\\/uploads\\\/sites\\\/2\\\/2019\\\/08\\\/SchulskillsB1-768x373.jpg\",\"contentUrl\":\"https:\\\/\\\/schulen-colditz.de\\\/oberschule\\\/wp-content\\\/uploads\\\/sites\\\/2\\\/2019\\\/08\\\/SchulskillsB1-768x373.jpg\",\"width\":768,\"height\":373},{\"@type\":\"BreadcrumbList\",\"@id\":\"https:\\\/\\\/schulen-colditz.de\\\/oberschule\\\/5-schulskills-2019-an-der-sophienschule-colditz\\\/#breadcrumb\",\"itemListElement\":[{\"@type\":\"ListItem\",\"position\":1,\"name\":\"Startseite\",\"item\":\"https:\\\/\\\/schulen-colditz.de\\\/oberschule\\\/\"},{\"@type\":\"ListItem\",\"position\":2,\"name\":\"5. Schulskills 2019 an der Sophienschule Colditz\"}]},{\"@type\":\"WebSite\",\"@id\":\"https:\\\/\\\/schulen-colditz.de\\\/oberschule\\\/#website\",\"url\":\"https:\\\/\\\/schulen-colditz.de\\\/oberschule\\\/\",\"name\":\"Oberschule Colditz\",\"description\":\"Hier erfahren Sie alles \u00fcber die Ooberschule Colditz\",\"publisher\":{\"@id\":\"https:\\\/\\\/schulen-colditz.de\\\/oberschule\\\/#organization\"},\"potentialAction\":[{\"@type\":\"SearchAction\",\"target\":{\"@type\":\"EntryPoint\",\"urlTemplate\":\"https:\\\/\\\/schulen-colditz.de\\\/oberschule\\\/?s={search_term_string}\"},\"query-input\":{\"@type\":\"PropertyValueSpecification\",\"valueRequired\":true,\"valueName\":\"search_term_string\"}}],\"inLanguage\":\"de\"},{\"@type\":\"Organization\",\"@id\":\"https:\\\/\\\/schulen-colditz.de\\\/oberschule\\\/#organization\",\"name\":\"Oberschule Colditz\",\"url\":\"https:\\\/\\\/schulen-colditz.de\\\/oberschule\\\/\",\"logo\":{\"@type\":\"ImageObject\",\"inLanguage\":\"de\",\"@id\":\"https:\\\/\\\/schulen-colditz.de\\\/oberschule\\\/#\\\/schema\\\/logo\\\/image\\\/\",\"url\":\"https:\\\/\\\/schulen-colditz.de\\\/oberschule\\\/wp-content\\\/uploads\\\/sites\\\/2\\\/2019\\\/08\\\/cropped-logo-oberschule-1.png\",\"contentUrl\":\"https:\\\/\\\/schulen-colditz.de\\\/oberschule\\\/wp-content\\\/uploads\\\/sites\\\/2\\\/2019\\\/08\\\/cropped-logo-oberschule-1.png\",\"width\":6815,\"height\":1405,\"caption\":\"Oberschule Colditz\"},\"image\":{\"@id\":\"https:\\\/\\\/schulen-colditz.de\\\/oberschule\\\/#\\\/schema\\\/logo\\\/image\\\/\"}},{\"@type\":\"Person\",\"@id\":\"https:\\\/\\\/schulen-colditz.de\\\/oberschule\\\/#\\\/schema\\\/person\\\/a91165f125af22c92cb3e639790bcb02\",\"name\":\"knick\",\"image\":{\"@type\":\"ImageObject\",\"inLanguage\":\"de\",\"@id\":\"https:\\\/\\\/secure.gravatar.com\\\/avatar\\\/c5b97a8b0616dec437c792b5981572a4ea61fbf1f612d8ab6200fde4e0f0f4a5?s=96&d=mm&r=g\",\"url\":\"https:\\\/\\\/secure.gravatar.com\\\/avatar\\\/c5b97a8b0616dec437c792b5981572a4ea61fbf1f612d8ab6200fde4e0f0f4a5?s=96&d=mm&r=g\",\"contentUrl\":\"https:\\\/\\\/secure.gravatar.com\\\/avatar\\\/c5b97a8b0616dec437c792b5981572a4ea61fbf1f612d8ab6200fde4e0f0f4a5?s=96&d=mm&r=g\",\"caption\":\"knick\"},\"url\":\"https:\\\/\\\/schulen-colditz.de\\\/oberschule\\\/author\\\/knick\\\/\"}]}<\/script>\n<!-- \/ Yoast SEO plugin. -->","yoast_head_json":{"title":"5. Schulskills 2019 an der Sophienschule Colditz - Oberschule Colditz","robots":{"index":"index","follow":"follow","max-snippet":"max-snippet:-1","max-image-preview":"max-image-preview:large","max-video-preview":"max-video-preview:-1"},"canonical":"https:\/\/schulen-colditz.de\/oberschule\/5-schulskills-2019-an-der-sophienschule-colditz\/","og_locale":"de_DE","og_type":"article","og_title":"5. Schulskills 2019 an der Sophienschule Colditz - Oberschule Colditz","og_description":"Am Morgen des 8. Mai war kaum noch ein Parkplatz auf dem Sophienplatz zu finden. Personen der \u00d6ffentlichkeit wie Herr Kirmes \u2013 S\u00e4chs. Landtagsabgeordneter, Herr Zillmann \u2013 B\u00fcrgermeister&hellip;","og_url":"https:\/\/schulen-colditz.de\/oberschule\/5-schulskills-2019-an-der-sophienschule-colditz\/","og_site_name":"Oberschule Colditz","article_published_time":"2019-08-22T13:57:52+00:00","article_modified_time":"2021-11-14T13:27:44+00:00","og_image":[{"width":768,"height":373,"url":"https:\/\/schulen-colditz.de\/oberschule\/wp-content\/uploads\/sites\/2\/2019\/08\/SchulskillsB1-768x373.jpg","type":"image\/jpeg"}],"author":"knick","twitter_card":"summary_large_image","twitter_misc":{"Verfasst von":"knick","Gesch\u00e4tzte Lesezeit":"4\u00a0Minuten"},"schema":{"@context":"https:\/\/schema.org","@graph":[{"@type":"Article","@id":"https:\/\/schulen-colditz.de\/oberschule\/5-schulskills-2019-an-der-sophienschule-colditz\/#article","isPartOf":{"@id":"https:\/\/schulen-colditz.de\/oberschule\/5-schulskills-2019-an-der-sophienschule-colditz\/"},"author":{"name":"knick","@id":"https:\/\/schulen-colditz.de\/oberschule\/#\/schema\/person\/a91165f125af22c92cb3e639790bcb02"},"headline":"5. Schulskills 2019 an der Sophienschule Colditz","datePublished":"2019-08-22T13:57:52+00:00","dateModified":"2021-11-14T13:27:44+00:00","mainEntityOfPage":{"@id":"https:\/\/schulen-colditz.de\/oberschule\/5-schulskills-2019-an-der-sophienschule-colditz\/"},"wordCount":740,"publisher":{"@id":"https:\/\/schulen-colditz.de\/oberschule\/#organization"},"image":{"@id":"https:\/\/schulen-colditz.de\/oberschule\/5-schulskills-2019-an-der-sophienschule-colditz\/#primaryimage"},"thumbnailUrl":"https:\/\/schulen-colditz.de\/oberschule\/wp-content\/uploads\/sites\/2\/2019\/08\/SchulskillsB1-768x373.jpg","articleSection":{"1":"Projekte"},"inLanguage":"de"},{"@type":"WebPage","@id":"https:\/\/schulen-colditz.de\/oberschule\/5-schulskills-2019-an-der-sophienschule-colditz\/","url":"https:\/\/schulen-colditz.de\/oberschule\/5-schulskills-2019-an-der-sophienschule-colditz\/","name":"5. Schulskills 2019 an der Sophienschule Colditz - Oberschule Colditz","isPartOf":{"@id":"https:\/\/schulen-colditz.de\/oberschule\/#website"},"primaryImageOfPage":{"@id":"https:\/\/schulen-colditz.de\/oberschule\/5-schulskills-2019-an-der-sophienschule-colditz\/#primaryimage"},"image":{"@id":"https:\/\/schulen-colditz.de\/oberschule\/5-schulskills-2019-an-der-sophienschule-colditz\/#primaryimage"},"thumbnailUrl":"https:\/\/schulen-colditz.de\/oberschule\/wp-content\/uploads\/sites\/2\/2019\/08\/SchulskillsB1-768x373.jpg","datePublished":"2019-08-22T13:57:52+00:00","dateModified":"2021-11-14T13:27:44+00:00","breadcrumb":{"@id":"https:\/\/schulen-colditz.de\/oberschule\/5-schulskills-2019-an-der-sophienschule-colditz\/#breadcrumb"},"inLanguage":"de","potentialAction":[{"@type":"ReadAction","target":["https:\/\/schulen-colditz.de\/oberschule\/5-schulskills-2019-an-der-sophienschule-colditz\/"]}]},{"@type":"ImageObject","inLanguage":"de","@id":"https:\/\/schulen-colditz.de\/oberschule\/5-schulskills-2019-an-der-sophienschule-colditz\/#primaryimage","url":"https:\/\/schulen-colditz.de\/oberschule\/wp-content\/uploads\/sites\/2\/2019\/08\/SchulskillsB1-768x373.jpg","contentUrl":"https:\/\/schulen-colditz.de\/oberschule\/wp-content\/uploads\/sites\/2\/2019\/08\/SchulskillsB1-768x373.jpg","width":768,"height":373},{"@type":"BreadcrumbList","@id":"https:\/\/schulen-colditz.de\/oberschule\/5-schulskills-2019-an-der-sophienschule-colditz\/#breadcrumb","itemListElement":[{"@type":"ListItem","position":1,"name":"Startseite","item":"https:\/\/schulen-colditz.de\/oberschule\/"},{"@type":"ListItem","position":2,"name":"5. Schulskills 2019 an der Sophienschule Colditz"}]},{"@type":"WebSite","@id":"https:\/\/schulen-colditz.de\/oberschule\/#website","url":"https:\/\/schulen-colditz.de\/oberschule\/","name":"Oberschule Colditz","description":"Hier erfahren Sie alles \u00fcber die Ooberschule Colditz","publisher":{"@id":"https:\/\/schulen-colditz.de\/oberschule\/#organization"},"potentialAction":[{"@type":"SearchAction","target":{"@type":"EntryPoint","urlTemplate":"https:\/\/schulen-colditz.de\/oberschule\/?s={search_term_string}"},"query-input":{"@type":"PropertyValueSpecification","valueRequired":true,"valueName":"search_term_string"}}],"inLanguage":"de"},{"@type":"Organization","@id":"https:\/\/schulen-colditz.de\/oberschule\/#organization","name":"Oberschule Colditz","url":"https:\/\/schulen-colditz.de\/oberschule\/","logo":{"@type":"ImageObject","inLanguage":"de","@id":"https:\/\/schulen-colditz.de\/oberschule\/#\/schema\/logo\/image\/","url":"https:\/\/schulen-colditz.de\/oberschule\/wp-content\/uploads\/sites\/2\/2019\/08\/cropped-logo-oberschule-1.png","contentUrl":"https:\/\/schulen-colditz.de\/oberschule\/wp-content\/uploads\/sites\/2\/2019\/08\/cropped-logo-oberschule-1.png","width":6815,"height":1405,"caption":"Oberschule Colditz"},"image":{"@id":"https:\/\/schulen-colditz.de\/oberschule\/#\/schema\/logo\/image\/"}},{"@type":"Person","@id":"https:\/\/schulen-colditz.de\/oberschule\/#\/schema\/person\/a91165f125af22c92cb3e639790bcb02","name":"knick","image":{"@type":"ImageObject","inLanguage":"de","@id":"https:\/\/secure.gravatar.com\/avatar\/c5b97a8b0616dec437c792b5981572a4ea61fbf1f612d8ab6200fde4e0f0f4a5?s=96&d=mm&r=g","url":"https:\/\/secure.gravatar.com\/avatar\/c5b97a8b0616dec437c792b5981572a4ea61fbf1f612d8ab6200fde4e0f0f4a5?s=96&d=mm&r=g","contentUrl":"https:\/\/secure.gravatar.com\/avatar\/c5b97a8b0616dec437c792b5981572a4ea61fbf1f612d8ab6200fde4e0f0f4a5?s=96&d=mm&r=g","caption":"knick"},"url":"https:\/\/schulen-colditz.de\/oberschule\/author\/knick\/"}]}},"uagb_featured_image_src":{"full":["https:\/\/schulen-colditz.de\/oberschule\/wp-content\/uploads\/sites\/2\/2019\/08\/SchulskillsB1-768x373.jpg",768,373,false],"thumbnail":["https:\/\/schulen-colditz.de\/oberschule\/wp-content\/uploads\/sites\/2\/2019\/08\/SchulskillsB1-768x373-150x150.jpg",150,150,true],"medium":["https:\/\/schulen-colditz.de\/oberschule\/wp-content\/uploads\/sites\/2\/2019\/08\/SchulskillsB1-768x373-300x146.jpg",300,146,true],"medium_large":["https:\/\/schulen-colditz.de\/oberschule\/wp-content\/uploads\/sites\/2\/2019\/08\/SchulskillsB1-768x373-768x373.jpg",580,282,true],"large":["https:\/\/schulen-colditz.de\/oberschule\/wp-content\/uploads\/sites\/2\/2019\/08\/SchulskillsB1-768x373.jpg",544,264,false],"1536x1536":["https:\/\/schulen-colditz.de\/oberschule\/wp-content\/uploads\/sites\/2\/2019\/08\/SchulskillsB1-768x373.jpg",768,373,false],"2048x2048":["https:\/\/schulen-colditz.de\/oberschule\/wp-content\/uploads\/sites\/2\/2019\/08\/SchulskillsB1-768x373.jpg",768,373,false],"post-thumbnail":["https:\/\/schulen-colditz.de\/oberschule\/wp-content\/uploads\/sites\/2\/2019\/08\/SchulskillsB1-768x373.jpg",768,373,false],"chaplin_preview_image_low_resolution":["https:\/\/schulen-colditz.de\/oberschule\/wp-content\/uploads\/sites\/2\/2019\/08\/SchulskillsB1-768x373-540x262.jpg",540,262,true],"chaplin_preview_image_high_resolution":["https:\/\/schulen-colditz.de\/oberschule\/wp-content\/uploads\/sites\/2\/2019\/08\/SchulskillsB1-768x373.jpg",768,373,false],"chaplin_fullscreen":["https:\/\/schulen-colditz.de\/oberschule\/wp-content\/uploads\/sites\/2\/2019\/08\/SchulskillsB1-768x373.jpg",768,373,false],"400x250-crop":["https:\/\/schulen-colditz.de\/oberschule\/wp-content\/uploads\/sites\/2\/2019\/08\/SchulskillsB1-768x373.jpg",400,194,false]},"uagb_author_info":{"display_name":"knick","author_link":"https:\/\/schulen-colditz.de\/oberschule\/author\/knick\/"},"uagb_comment_info":0,"uagb_excerpt":"Am Morgen des 8. Mai war kaum noch ein Parkplatz auf dem Sophienplatz zu finden. Personen der \u00d6ffentlichkeit wie Herr Kirmes \u2013 S\u00e4chs. Landtagsabgeordneter, Herr Zillmann \u2013 B\u00fcrgermeister&hellip;","_links":{"self":[{"href":"https:\/\/schulen-colditz.de\/oberschule\/wp-json\/wp\/v2\/posts\/74","targetHints":{"allow":["GET"]}}],"collection":[{"href":"https:\/\/schulen-colditz.de\/oberschule\/wp-json\/wp\/v2\/posts"}],"about":[{"href":"https:\/\/schulen-colditz.de\/oberschule\/wp-json\/wp\/v2\/types\/post"}],"author":[{"embeddable":true,"href":"https:\/\/schulen-colditz.de\/oberschule\/wp-json\/wp\/v2\/users\/1"}],"replies":[{"embeddable":true,"href":"https:\/\/schulen-colditz.de\/oberschule\/wp-json\/wp\/v2\/comments?post=74"}],"version-history":[{"count":0,"href":"https:\/\/schulen-colditz.de\/oberschule\/wp-json\/wp\/v2\/posts\/74\/revisions"}],"wp:featuredmedia":[{"embeddable":true,"href":"https:\/\/schulen-colditz.de\/oberschule\/wp-json\/wp\/v2\/media\/55"}],"wp:attachment":[{"href":"https:\/\/schulen-colditz.de\/oberschule\/wp-json\/wp\/v2\/media?parent=74"}],"wp:term":[{"taxonomy":"category","embeddable":true,"href":"https:\/\/schulen-colditz.de\/oberschule\/wp-json\/wp\/v2\/categories?post=74"},{"taxonomy":"post_tag","embeddable":true,"href":"https:\/\/schulen-colditz.de\/oberschule\/wp-json\/wp\/v2\/tags?post=74"}],"curies":[{"name":"wp","href":"https:\/\/api.w.org\/{rel}","templated":true}]}}