{"id":2264,"date":"2025-11-04T08:57:13","date_gmt":"2025-11-04T07:57:13","guid":{"rendered":"https:\/\/schulen-colditz.de\/oberschule\/?p=2264"},"modified":"2025-11-04T08:58:32","modified_gmt":"2025-11-04T07:58:32","slug":"neuigkeiten-aus-der-fachschaft-geographie","status":"publish","type":"post","link":"https:\/\/schulen-colditz.de\/oberschule\/neuigkeiten-aus-der-fachschaft-geographie\/","title":{"rendered":"Neuigkeiten aus der Fachschaft Geographie"},"content":{"rendered":"\n<div class=\"wp-block-uagb-container uagb-block-a9ec58e0 alignfull uagb-is-root-container\"><div class=\"uagb-container-inner-blocks-wrap\">\n<p class=\"wp-block-paragraph\">Bereits zum 20. Male fand Ende Oktober die 2. Stufe der S\u00e4chsischen Geographie-Olympiade in Grimma statt. Dabei vertreten waren die Oberschulen aus Grimma, Naunhof, Bad Lausick, Oschatz, Lossatal, Trebsen, B\u00f6hlen, Frohburg und Colditz. Die Teilnehmer unserer Sophienschule bewiesen in ihrer Altersklasse wieder hervorragende Leistungen. In der Klassenstufe 10 belegte Daniel Steinbach den 1. Platz, in der Klassenstufe 6 Oskar Wangemann den 2. Platz und  Arthur Pohl aus der Klassenstufe 7 den 7. Platz. Herzlichen Gl\u00fcckwunsch dazu! Daniel und Oskar werden damit unsere Schule am 27. November zur n\u00e4chsten Stufe in Leipzig vertreten. Und vielleicht gelingen dort \u00e4hnlich gute Platzierungen. Wir dr\u00fccken die Daumen!<\/p>\n\n\n<div class=\"wp-block-image\">\n<figure class=\"aligncenter size-large\"><img loading=\"lazy\" decoding=\"async\" width=\"544\" height=\"306\" src=\"https:\/\/schulen-colditz.de\/oberschule\/wp-content\/uploads\/sites\/2\/2025\/11\/Bild_2-1-544x306.jpg\" alt=\"\" class=\"wp-image-2266\" srcset=\"https:\/\/schulen-colditz.de\/oberschule\/wp-content\/uploads\/sites\/2\/2025\/11\/Bild_2-1-544x306.jpg 544w, https:\/\/schulen-colditz.de\/oberschule\/wp-content\/uploads\/sites\/2\/2025\/11\/Bild_2-1-300x169.jpg 300w, https:\/\/schulen-colditz.de\/oberschule\/wp-content\/uploads\/sites\/2\/2025\/11\/Bild_2-1-768x433.jpg 768w, https:\/\/schulen-colditz.de\/oberschule\/wp-content\/uploads\/sites\/2\/2025\/11\/Bild_2-1-540x304.jpg 540w, https:\/\/schulen-colditz.de\/oberschule\/wp-content\/uploads\/sites\/2\/2025\/11\/Bild_2-1-1080x608.jpg 1080w, https:\/\/schulen-colditz.de\/oberschule\/wp-content\/uploads\/sites\/2\/2025\/11\/Bild_2-1.jpg 1385w\" sizes=\"auto, (max-width: 544px) 100vw, 544px\" \/><\/figure>\n<\/div><\/div><\/div>\n\n\n\n<p class=\"wp-block-paragraph\"><\/p>\n","protected":false},"excerpt":{"rendered":"<p>Bereits zum 20. Male fand Ende Oktober die 2. Stufe der S\u00e4chsischen Geographie-Olympiade in Grimma statt. Dabei vertreten waren die Oberschulen aus Grimma, Naunhof, Bad Lausick, Oschatz, Lossatal,&hellip;<\/p>\n","protected":false},"author":4,"featured_media":2268,"comment_status":"closed","ping_status":"closed","sticky":false,"template":"","format":"standard","meta":{"_crdt_document":"","inline_featured_image":false,"_uag_custom_page_level_css":"","pgc_sgb_lightbox_settings":"","footnotes":""},"categories":[1],"tags":[],"class_list":["post-2264","post","type-post","status-publish","format-standard","has-post-thumbnail","hentry","category-allgemein"],"yoast_head":"<!-- This site is optimized with the Yoast SEO plugin v27.4 - https:\/\/yoast.com\/product\/yoast-seo-wordpress\/ -->\n<title>Neuigkeiten aus der Fachschaft Geographie - Oberschule Colditz<\/title>\n<meta name=\"robots\" content=\"index, follow, max-snippet:-1, max-image-preview:large, max-video-preview:-1\" \/>\n<link rel=\"canonical\" href=\"https:\/\/schulen-colditz.de\/oberschule\/neuigkeiten-aus-der-fachschaft-geographie\/\" \/>\n<meta property=\"og:locale\" content=\"de_DE\" \/>\n<meta property=\"og:type\" content=\"article\" \/>\n<meta property=\"og:title\" content=\"Neuigkeiten aus der Fachschaft Geographie - Oberschule Colditz\" \/>\n<meta property=\"og:description\" content=\"Bereits zum 20. Male fand Ende Oktober die 2. Stufe der S\u00e4chsischen Geographie-Olympiade in Grimma statt. Dabei vertreten waren die Oberschulen aus Grimma, Naunhof, Bad Lausick, Oschatz, Lossatal,&hellip;\" \/>\n<meta property=\"og:url\" content=\"https:\/\/schulen-colditz.de\/oberschule\/neuigkeiten-aus-der-fachschaft-geographie\/\" \/>\n<meta property=\"og:site_name\" content=\"Oberschule Colditz\" \/>\n<meta property=\"article:published_time\" content=\"2025-11-04T07:57:13+00:00\" \/>\n<meta property=\"article:modified_time\" content=\"2025-11-04T07:58:32+00:00\" \/>\n<meta property=\"og:image\" content=\"https:\/\/schulen-colditz.de\/oberschule\/wp-content\/uploads\/sites\/2\/2025\/11\/Bild_1.jpg\" \/>\n\t<meta property=\"og:image:width\" content=\"1385\" \/>\n\t<meta property=\"og:image:height\" content=\"780\" \/>\n\t<meta property=\"og:image:type\" content=\"image\/jpeg\" \/>\n<meta name=\"author\" content=\"wasner\" \/>\n<meta name=\"twitter:card\" content=\"summary_large_image\" \/>\n<meta name=\"twitter:label1\" content=\"Verfasst von\" \/>\n\t<meta name=\"twitter:data1\" content=\"wasner\" \/>\n\t<meta name=\"twitter:label2\" content=\"Gesch\u00e4tzte Lesezeit\" \/>\n\t<meta name=\"twitter:data2\" content=\"1\u00a0Minute\" \/>\n<script type=\"application\/ld+json\" class=\"yoast-schema-graph\">{\"@context\":\"https:\\\/\\\/schema.org\",\"@graph\":[{\"@type\":\"Article\",\"@id\":\"https:\\\/\\\/schulen-colditz.de\\\/oberschule\\\/neuigkeiten-aus-der-fachschaft-geographie\\\/#article\",\"isPartOf\":{\"@id\":\"https:\\\/\\\/schulen-colditz.de\\\/oberschule\\\/neuigkeiten-aus-der-fachschaft-geographie\\\/\"},\"author\":{\"name\":\"wasner\",\"@id\":\"https:\\\/\\\/schulen-colditz.de\\\/oberschule\\\/#\\\/schema\\\/person\\\/9d8536c285c01e908653542c8afe029d\"},\"headline\":\"Neuigkeiten aus der Fachschaft Geographie\",\"datePublished\":\"2025-11-04T07:57:13+00:00\",\"dateModified\":\"2025-11-04T07:58:32+00:00\",\"mainEntityOfPage\":{\"@id\":\"https:\\\/\\\/schulen-colditz.de\\\/oberschule\\\/neuigkeiten-aus-der-fachschaft-geographie\\\/\"},\"wordCount\":104,\"publisher\":{\"@id\":\"https:\\\/\\\/schulen-colditz.de\\\/oberschule\\\/#organization\"},\"image\":{\"@id\":\"https:\\\/\\\/schulen-colditz.de\\\/oberschule\\\/neuigkeiten-aus-der-fachschaft-geographie\\\/#primaryimage\"},\"thumbnailUrl\":\"https:\\\/\\\/schulen-colditz.de\\\/oberschule\\\/wp-content\\\/uploads\\\/sites\\\/2\\\/2025\\\/11\\\/Bild_1.jpg\",\"inLanguage\":\"de\"},{\"@type\":\"WebPage\",\"@id\":\"https:\\\/\\\/schulen-colditz.de\\\/oberschule\\\/neuigkeiten-aus-der-fachschaft-geographie\\\/\",\"url\":\"https:\\\/\\\/schulen-colditz.de\\\/oberschule\\\/neuigkeiten-aus-der-fachschaft-geographie\\\/\",\"name\":\"Neuigkeiten aus der Fachschaft Geographie - Oberschule Colditz\",\"isPartOf\":{\"@id\":\"https:\\\/\\\/schulen-colditz.de\\\/oberschule\\\/#website\"},\"primaryImageOfPage\":{\"@id\":\"https:\\\/\\\/schulen-colditz.de\\\/oberschule\\\/neuigkeiten-aus-der-fachschaft-geographie\\\/#primaryimage\"},\"image\":{\"@id\":\"https:\\\/\\\/schulen-colditz.de\\\/oberschule\\\/neuigkeiten-aus-der-fachschaft-geographie\\\/#primaryimage\"},\"thumbnailUrl\":\"https:\\\/\\\/schulen-colditz.de\\\/oberschule\\\/wp-content\\\/uploads\\\/sites\\\/2\\\/2025\\\/11\\\/Bild_1.jpg\",\"datePublished\":\"2025-11-04T07:57:13+00:00\",\"dateModified\":\"2025-11-04T07:58:32+00:00\",\"breadcrumb\":{\"@id\":\"https:\\\/\\\/schulen-colditz.de\\\/oberschule\\\/neuigkeiten-aus-der-fachschaft-geographie\\\/#breadcrumb\"},\"inLanguage\":\"de\",\"potentialAction\":[{\"@type\":\"ReadAction\",\"target\":[\"https:\\\/\\\/schulen-colditz.de\\\/oberschule\\\/neuigkeiten-aus-der-fachschaft-geographie\\\/\"]}]},{\"@type\":\"ImageObject\",\"inLanguage\":\"de\",\"@id\":\"https:\\\/\\\/schulen-colditz.de\\\/oberschule\\\/neuigkeiten-aus-der-fachschaft-geographie\\\/#primaryimage\",\"url\":\"https:\\\/\\\/schulen-colditz.de\\\/oberschule\\\/wp-content\\\/uploads\\\/sites\\\/2\\\/2025\\\/11\\\/Bild_1.jpg\",\"contentUrl\":\"https:\\\/\\\/schulen-colditz.de\\\/oberschule\\\/wp-content\\\/uploads\\\/sites\\\/2\\\/2025\\\/11\\\/Bild_1.jpg\",\"width\":1385,\"height\":780},{\"@type\":\"BreadcrumbList\",\"@id\":\"https:\\\/\\\/schulen-colditz.de\\\/oberschule\\\/neuigkeiten-aus-der-fachschaft-geographie\\\/#breadcrumb\",\"itemListElement\":[{\"@type\":\"ListItem\",\"position\":1,\"name\":\"Startseite\",\"item\":\"https:\\\/\\\/schulen-colditz.de\\\/oberschule\\\/\"},{\"@type\":\"ListItem\",\"position\":2,\"name\":\"Neuigkeiten aus der Fachschaft Geographie\"}]},{\"@type\":\"WebSite\",\"@id\":\"https:\\\/\\\/schulen-colditz.de\\\/oberschule\\\/#website\",\"url\":\"https:\\\/\\\/schulen-colditz.de\\\/oberschule\\\/\",\"name\":\"Oberschule Colditz\",\"description\":\"Hier erfahren Sie alles \u00fcber die Ooberschule Colditz\",\"publisher\":{\"@id\":\"https:\\\/\\\/schulen-colditz.de\\\/oberschule\\\/#organization\"},\"potentialAction\":[{\"@type\":\"SearchAction\",\"target\":{\"@type\":\"EntryPoint\",\"urlTemplate\":\"https:\\\/\\\/schulen-colditz.de\\\/oberschule\\\/?s={search_term_string}\"},\"query-input\":{\"@type\":\"PropertyValueSpecification\",\"valueRequired\":true,\"valueName\":\"search_term_string\"}}],\"inLanguage\":\"de\"},{\"@type\":\"Organization\",\"@id\":\"https:\\\/\\\/schulen-colditz.de\\\/oberschule\\\/#organization\",\"name\":\"Oberschule Colditz\",\"url\":\"https:\\\/\\\/schulen-colditz.de\\\/oberschule\\\/\",\"logo\":{\"@type\":\"ImageObject\",\"inLanguage\":\"de\",\"@id\":\"https:\\\/\\\/schulen-colditz.de\\\/oberschule\\\/#\\\/schema\\\/logo\\\/image\\\/\",\"url\":\"https:\\\/\\\/schulen-colditz.de\\\/oberschule\\\/wp-content\\\/uploads\\\/sites\\\/2\\\/2019\\\/08\\\/cropped-logo-oberschule-1.png\",\"contentUrl\":\"https:\\\/\\\/schulen-colditz.de\\\/oberschule\\\/wp-content\\\/uploads\\\/sites\\\/2\\\/2019\\\/08\\\/cropped-logo-oberschule-1.png\",\"width\":6815,\"height\":1405,\"caption\":\"Oberschule Colditz\"},\"image\":{\"@id\":\"https:\\\/\\\/schulen-colditz.de\\\/oberschule\\\/#\\\/schema\\\/logo\\\/image\\\/\"}},{\"@type\":\"Person\",\"@id\":\"https:\\\/\\\/schulen-colditz.de\\\/oberschule\\\/#\\\/schema\\\/person\\\/9d8536c285c01e908653542c8afe029d\",\"name\":\"wasner\",\"image\":{\"@type\":\"ImageObject\",\"inLanguage\":\"de\",\"@id\":\"https:\\\/\\\/secure.gravatar.com\\\/avatar\\\/e38b5eae3be7a127a47dd6527e93c1816505a98802291c6c161adb0a83eb42cf?s=96&d=mm&r=g\",\"url\":\"https:\\\/\\\/secure.gravatar.com\\\/avatar\\\/e38b5eae3be7a127a47dd6527e93c1816505a98802291c6c161adb0a83eb42cf?s=96&d=mm&r=g\",\"contentUrl\":\"https:\\\/\\\/secure.gravatar.com\\\/avatar\\\/e38b5eae3be7a127a47dd6527e93c1816505a98802291c6c161adb0a83eb42cf?s=96&d=mm&r=g\",\"caption\":\"wasner\"},\"url\":\"https:\\\/\\\/schulen-colditz.de\\\/oberschule\\\/author\\\/wasner\\\/\"}]}<\/script>\n<!-- \/ Yoast SEO plugin. -->","yoast_head_json":{"title":"Neuigkeiten aus der Fachschaft Geographie - Oberschule Colditz","robots":{"index":"index","follow":"follow","max-snippet":"max-snippet:-1","max-image-preview":"max-image-preview:large","max-video-preview":"max-video-preview:-1"},"canonical":"https:\/\/schulen-colditz.de\/oberschule\/neuigkeiten-aus-der-fachschaft-geographie\/","og_locale":"de_DE","og_type":"article","og_title":"Neuigkeiten aus der Fachschaft Geographie - Oberschule Colditz","og_description":"Bereits zum 20. Male fand Ende Oktober die 2. Stufe der S\u00e4chsischen Geographie-Olympiade in Grimma statt. Dabei vertreten waren die Oberschulen aus Grimma, Naunhof, Bad Lausick, Oschatz, Lossatal,&hellip;","og_url":"https:\/\/schulen-colditz.de\/oberschule\/neuigkeiten-aus-der-fachschaft-geographie\/","og_site_name":"Oberschule Colditz","article_published_time":"2025-11-04T07:57:13+00:00","article_modified_time":"2025-11-04T07:58:32+00:00","og_image":[{"width":1385,"height":780,"url":"https:\/\/schulen-colditz.de\/oberschule\/wp-content\/uploads\/sites\/2\/2025\/11\/Bild_1.jpg","type":"image\/jpeg"}],"author":"wasner","twitter_card":"summary_large_image","twitter_misc":{"Verfasst von":"wasner","Gesch\u00e4tzte Lesezeit":"1\u00a0Minute"},"schema":{"@context":"https:\/\/schema.org","@graph":[{"@type":"Article","@id":"https:\/\/schulen-colditz.de\/oberschule\/neuigkeiten-aus-der-fachschaft-geographie\/#article","isPartOf":{"@id":"https:\/\/schulen-colditz.de\/oberschule\/neuigkeiten-aus-der-fachschaft-geographie\/"},"author":{"name":"wasner","@id":"https:\/\/schulen-colditz.de\/oberschule\/#\/schema\/person\/9d8536c285c01e908653542c8afe029d"},"headline":"Neuigkeiten aus der Fachschaft Geographie","datePublished":"2025-11-04T07:57:13+00:00","dateModified":"2025-11-04T07:58:32+00:00","mainEntityOfPage":{"@id":"https:\/\/schulen-colditz.de\/oberschule\/neuigkeiten-aus-der-fachschaft-geographie\/"},"wordCount":104,"publisher":{"@id":"https:\/\/schulen-colditz.de\/oberschule\/#organization"},"image":{"@id":"https:\/\/schulen-colditz.de\/oberschule\/neuigkeiten-aus-der-fachschaft-geographie\/#primaryimage"},"thumbnailUrl":"https:\/\/schulen-colditz.de\/oberschule\/wp-content\/uploads\/sites\/2\/2025\/11\/Bild_1.jpg","inLanguage":"de"},{"@type":"WebPage","@id":"https:\/\/schulen-colditz.de\/oberschule\/neuigkeiten-aus-der-fachschaft-geographie\/","url":"https:\/\/schulen-colditz.de\/oberschule\/neuigkeiten-aus-der-fachschaft-geographie\/","name":"Neuigkeiten aus der Fachschaft Geographie - Oberschule Colditz","isPartOf":{"@id":"https:\/\/schulen-colditz.de\/oberschule\/#website"},"primaryImageOfPage":{"@id":"https:\/\/schulen-colditz.de\/oberschule\/neuigkeiten-aus-der-fachschaft-geographie\/#primaryimage"},"image":{"@id":"https:\/\/schulen-colditz.de\/oberschule\/neuigkeiten-aus-der-fachschaft-geographie\/#primaryimage"},"thumbnailUrl":"https:\/\/schulen-colditz.de\/oberschule\/wp-content\/uploads\/sites\/2\/2025\/11\/Bild_1.jpg","datePublished":"2025-11-04T07:57:13+00:00","dateModified":"2025-11-04T07:58:32+00:00","breadcrumb":{"@id":"https:\/\/schulen-colditz.de\/oberschule\/neuigkeiten-aus-der-fachschaft-geographie\/#breadcrumb"},"inLanguage":"de","potentialAction":[{"@type":"ReadAction","target":["https:\/\/schulen-colditz.de\/oberschule\/neuigkeiten-aus-der-fachschaft-geographie\/"]}]},{"@type":"ImageObject","inLanguage":"de","@id":"https:\/\/schulen-colditz.de\/oberschule\/neuigkeiten-aus-der-fachschaft-geographie\/#primaryimage","url":"https:\/\/schulen-colditz.de\/oberschule\/wp-content\/uploads\/sites\/2\/2025\/11\/Bild_1.jpg","contentUrl":"https:\/\/schulen-colditz.de\/oberschule\/wp-content\/uploads\/sites\/2\/2025\/11\/Bild_1.jpg","width":1385,"height":780},{"@type":"BreadcrumbList","@id":"https:\/\/schulen-colditz.de\/oberschule\/neuigkeiten-aus-der-fachschaft-geographie\/#breadcrumb","itemListElement":[{"@type":"ListItem","position":1,"name":"Startseite","item":"https:\/\/schulen-colditz.de\/oberschule\/"},{"@type":"ListItem","position":2,"name":"Neuigkeiten aus der Fachschaft Geographie"}]},{"@type":"WebSite","@id":"https:\/\/schulen-colditz.de\/oberschule\/#website","url":"https:\/\/schulen-colditz.de\/oberschule\/","name":"Oberschule Colditz","description":"Hier erfahren Sie alles \u00fcber die Ooberschule Colditz","publisher":{"@id":"https:\/\/schulen-colditz.de\/oberschule\/#organization"},"potentialAction":[{"@type":"SearchAction","target":{"@type":"EntryPoint","urlTemplate":"https:\/\/schulen-colditz.de\/oberschule\/?s={search_term_string}"},"query-input":{"@type":"PropertyValueSpecification","valueRequired":true,"valueName":"search_term_string"}}],"inLanguage":"de"},{"@type":"Organization","@id":"https:\/\/schulen-colditz.de\/oberschule\/#organization","name":"Oberschule Colditz","url":"https:\/\/schulen-colditz.de\/oberschule\/","logo":{"@type":"ImageObject","inLanguage":"de","@id":"https:\/\/schulen-colditz.de\/oberschule\/#\/schema\/logo\/image\/","url":"https:\/\/schulen-colditz.de\/oberschule\/wp-content\/uploads\/sites\/2\/2019\/08\/cropped-logo-oberschule-1.png","contentUrl":"https:\/\/schulen-colditz.de\/oberschule\/wp-content\/uploads\/sites\/2\/2019\/08\/cropped-logo-oberschule-1.png","width":6815,"height":1405,"caption":"Oberschule Colditz"},"image":{"@id":"https:\/\/schulen-colditz.de\/oberschule\/#\/schema\/logo\/image\/"}},{"@type":"Person","@id":"https:\/\/schulen-colditz.de\/oberschule\/#\/schema\/person\/9d8536c285c01e908653542c8afe029d","name":"wasner","image":{"@type":"ImageObject","inLanguage":"de","@id":"https:\/\/secure.gravatar.com\/avatar\/e38b5eae3be7a127a47dd6527e93c1816505a98802291c6c161adb0a83eb42cf?s=96&d=mm&r=g","url":"https:\/\/secure.gravatar.com\/avatar\/e38b5eae3be7a127a47dd6527e93c1816505a98802291c6c161adb0a83eb42cf?s=96&d=mm&r=g","contentUrl":"https:\/\/secure.gravatar.com\/avatar\/e38b5eae3be7a127a47dd6527e93c1816505a98802291c6c161adb0a83eb42cf?s=96&d=mm&r=g","caption":"wasner"},"url":"https:\/\/schulen-colditz.de\/oberschule\/author\/wasner\/"}]}},"uagb_featured_image_src":{"full":["https:\/\/schulen-colditz.de\/oberschule\/wp-content\/uploads\/sites\/2\/2025\/11\/Bild_1.jpg",1385,780,false],"thumbnail":["https:\/\/schulen-colditz.de\/oberschule\/wp-content\/uploads\/sites\/2\/2025\/11\/Bild_1-150x150.jpg",150,150,true],"medium":["https:\/\/schulen-colditz.de\/oberschule\/wp-content\/uploads\/sites\/2\/2025\/11\/Bild_1-300x169.jpg",300,169,true],"medium_large":["https:\/\/schulen-colditz.de\/oberschule\/wp-content\/uploads\/sites\/2\/2025\/11\/Bild_1-768x433.jpg",580,327,true],"large":["https:\/\/schulen-colditz.de\/oberschule\/wp-content\/uploads\/sites\/2\/2025\/11\/Bild_1-544x306.jpg",544,306,true],"1536x1536":["https:\/\/schulen-colditz.de\/oberschule\/wp-content\/uploads\/sites\/2\/2025\/11\/Bild_1.jpg",1385,780,false],"2048x2048":["https:\/\/schulen-colditz.de\/oberschule\/wp-content\/uploads\/sites\/2\/2025\/11\/Bild_1.jpg",1385,780,false],"post-thumbnail":["https:\/\/schulen-colditz.de\/oberschule\/wp-content\/uploads\/sites\/2\/2025\/11\/Bild_1.jpg",1385,780,false],"chaplin_preview_image_low_resolution":["https:\/\/schulen-colditz.de\/oberschule\/wp-content\/uploads\/sites\/2\/2025\/11\/Bild_1-540x304.jpg",540,304,true],"chaplin_preview_image_high_resolution":["https:\/\/schulen-colditz.de\/oberschule\/wp-content\/uploads\/sites\/2\/2025\/11\/Bild_1-1080x608.jpg",1080,608,true],"chaplin_fullscreen":["https:\/\/schulen-colditz.de\/oberschule\/wp-content\/uploads\/sites\/2\/2025\/11\/Bild_1.jpg",1385,780,false],"400x250-crop":["https:\/\/schulen-colditz.de\/oberschule\/wp-content\/uploads\/sites\/2\/2025\/11\/Bild_1-400x250.jpg",400,250,true]},"uagb_author_info":{"display_name":"wasner","author_link":"https:\/\/schulen-colditz.de\/oberschule\/author\/wasner\/"},"uagb_comment_info":0,"uagb_excerpt":"Bereits zum 20. Male fand Ende Oktober die 2. Stufe der S\u00e4chsischen Geographie-Olympiade in Grimma statt. Dabei vertreten waren die Oberschulen aus Grimma, Naunhof, Bad Lausick, Oschatz, Lossatal,&hellip;","_links":{"self":[{"href":"https:\/\/schulen-colditz.de\/oberschule\/wp-json\/wp\/v2\/posts\/2264","targetHints":{"allow":["GET"]}}],"collection":[{"href":"https:\/\/schulen-colditz.de\/oberschule\/wp-json\/wp\/v2\/posts"}],"about":[{"href":"https:\/\/schulen-colditz.de\/oberschule\/wp-json\/wp\/v2\/types\/post"}],"author":[{"embeddable":true,"href":"https:\/\/schulen-colditz.de\/oberschule\/wp-json\/wp\/v2\/users\/4"}],"replies":[{"embeddable":true,"href":"https:\/\/schulen-colditz.de\/oberschule\/wp-json\/wp\/v2\/comments?post=2264"}],"version-history":[{"count":1,"href":"https:\/\/schulen-colditz.de\/oberschule\/wp-json\/wp\/v2\/posts\/2264\/revisions"}],"predecessor-version":[{"id":2267,"href":"https:\/\/schulen-colditz.de\/oberschule\/wp-json\/wp\/v2\/posts\/2264\/revisions\/2267"}],"wp:featuredmedia":[{"embeddable":true,"href":"https:\/\/schulen-colditz.de\/oberschule\/wp-json\/wp\/v2\/media\/2268"}],"wp:attachment":[{"href":"https:\/\/schulen-colditz.de\/oberschule\/wp-json\/wp\/v2\/media?parent=2264"}],"wp:term":[{"taxonomy":"category","embeddable":true,"href":"https:\/\/schulen-colditz.de\/oberschule\/wp-json\/wp\/v2\/categories?post=2264"},{"taxonomy":"post_tag","embeddable":true,"href":"https:\/\/schulen-colditz.de\/oberschule\/wp-json\/wp\/v2\/tags?post=2264"}],"curies":[{"name":"wp","href":"https:\/\/api.w.org\/{rel}","templated":true}]}}