{"id":2109,"date":"2024-09-24T18:46:17","date_gmt":"2024-09-24T16:46:17","guid":{"rendered":"https:\/\/schulen-colditz.de\/oberschule\/?p=2109"},"modified":"2024-09-24T18:46:17","modified_gmt":"2024-09-24T16:46:17","slug":"lehrkraft-an-einer-oberschule","status":"publish","type":"post","link":"https:\/\/schulen-colditz.de\/oberschule\/lehrkraft-an-einer-oberschule\/","title":{"rendered":"\u00a0Lehrkraft\u00a0an einer Oberschule"},"content":{"rendered":"\n<div class=\"wp-block-uagb-container uagb-block-7832bb83 alignfull uagb-is-root-container\"><div class=\"uagb-container-inner-blocks-wrap\">\n<p class=\"wp-block-paragraph\">Die nachfolgende Ausschreibung richtet sich an grundst\u00e4ndig ausgebildete Lehrerinnen und Lehrer. Die Einstellung erfolgt grunds\u00e4tzlich unbefristet und in Vollzeit zum 01.02.2025.<br> <br>Die Ausschreibung gilt nicht f\u00fcr Lehrkr\u00e4fte, welche bereits unbefristet im Dienst des Freistaates Sachsen t\u00e4tig sind. Weiterhin richtet sich die Ausschreibung auch an Lehramtsabsolventen mit Erster Staatspr\u00fcfung bzw. Master of Education &#8211; aber ohne zweite Staatspr\u00fcfung und Bewerber mit einem ausl\u00e4ndischen Lehramtsabschluss, der mit Auflagen gleichgestellt wurde. <br><br>Diese Ausschreibung ist geeignet f\u00fcr Bewerberinnen und Bewerber im Seiteneinstieg. Die Besonderheiten zu den Einstellungsmodalit\u00e4ten sind aus den Hinweisen zum Einstellungsverfahren zu entnehmen.<br><br><a href=\"https:\/\/antragsmanagement2.sachsen.de\/page.xhtml?view=\/bewerbungsportal2\/stellensuche.xhtml#\/vac\/L2502-3002?c=bewerbungsportal2&amp;stk=U2FsdGVkX1\/8pTe1iLhXMBYrD3G16h5MporKyBz84MI=\">Klick f\u00fcr mehr Informationen<\/a><\/p>\n<\/div><\/div>\n","protected":false},"excerpt":{"rendered":"<p>Die nachfolgende Ausschreibung richtet sich an grundst\u00e4ndig ausgebildete Lehrerinnen und Lehrer. Die Einstellung erfolgt grunds\u00e4tzlich unbefristet und in Vollzeit zum 01.02.2025. Die Ausschreibung gilt nicht f\u00fcr Lehrkr\u00e4fte, welche&hellip;<\/p>\n","protected":false},"author":4,"featured_media":1326,"comment_status":"closed","ping_status":"closed","sticky":false,"template":"","format":"standard","meta":{"_crdt_document":"","inline_featured_image":false,"_uag_custom_page_level_css":"","pgc_sgb_lightbox_settings":"","footnotes":""},"categories":[1],"tags":[],"class_list":["post-2109","post","type-post","status-publish","format-standard","has-post-thumbnail","hentry","category-allgemein"],"yoast_head":"<!-- This site is optimized with the Yoast SEO plugin v27.5 - https:\/\/yoast.com\/product\/yoast-seo-wordpress\/ -->\n<title>\u00a0Lehrkraft\u00a0an einer Oberschule - Oberschule Colditz<\/title>\n<meta name=\"robots\" content=\"index, follow, max-snippet:-1, max-image-preview:large, max-video-preview:-1\" \/>\n<link rel=\"canonical\" href=\"https:\/\/schulen-colditz.de\/oberschule\/lehrkraft-an-einer-oberschule\/\" \/>\n<meta property=\"og:locale\" content=\"de_DE\" \/>\n<meta property=\"og:type\" content=\"article\" \/>\n<meta property=\"og:title\" content=\"\u00a0Lehrkraft\u00a0an einer Oberschule - Oberschule Colditz\" \/>\n<meta property=\"og:description\" content=\"Die nachfolgende Ausschreibung richtet sich an grundst\u00e4ndig ausgebildete Lehrerinnen und Lehrer. Die Einstellung erfolgt grunds\u00e4tzlich unbefristet und in Vollzeit zum 01.02.2025. Die Ausschreibung gilt nicht f\u00fcr Lehrkr\u00e4fte, welche&hellip;\" \/>\n<meta property=\"og:url\" content=\"https:\/\/schulen-colditz.de\/oberschule\/lehrkraft-an-einer-oberschule\/\" \/>\n<meta property=\"og:site_name\" content=\"Oberschule Colditz\" \/>\n<meta property=\"article:published_time\" content=\"2024-09-24T16:46:17+00:00\" \/>\n<meta property=\"og:image\" content=\"https:\/\/schulen-colditz.de\/oberschule\/wp-content\/uploads\/sites\/2\/2022\/04\/News1.jpeg\" \/>\n\t<meta property=\"og:image:width\" content=\"640\" \/>\n\t<meta property=\"og:image:height\" content=\"427\" \/>\n\t<meta property=\"og:image:type\" content=\"image\/jpeg\" \/>\n<meta name=\"author\" content=\"wasner\" \/>\n<meta name=\"twitter:card\" content=\"summary_large_image\" \/>\n<meta name=\"twitter:label1\" content=\"Verfasst von\" \/>\n\t<meta name=\"twitter:data1\" content=\"wasner\" \/>\n\t<meta name=\"twitter:label2\" content=\"Gesch\u00e4tzte Lesezeit\" \/>\n\t<meta name=\"twitter:data2\" content=\"1\u00a0Minute\" \/>\n<script type=\"application\/ld+json\" class=\"yoast-schema-graph\">{\"@context\":\"https:\\\/\\\/schema.org\",\"@graph\":[{\"@type\":\"Article\",\"@id\":\"https:\\\/\\\/schulen-colditz.de\\\/oberschule\\\/lehrkraft-an-einer-oberschule\\\/#article\",\"isPartOf\":{\"@id\":\"https:\\\/\\\/schulen-colditz.de\\\/oberschule\\\/lehrkraft-an-einer-oberschule\\\/\"},\"author\":{\"name\":\"wasner\",\"@id\":\"https:\\\/\\\/schulen-colditz.de\\\/oberschule\\\/#\\\/schema\\\/person\\\/9d8536c285c01e908653542c8afe029d\"},\"headline\":\"\u00a0Lehrkraft\u00a0an einer Oberschule\",\"datePublished\":\"2024-09-24T16:46:17+00:00\",\"mainEntityOfPage\":{\"@id\":\"https:\\\/\\\/schulen-colditz.de\\\/oberschule\\\/lehrkraft-an-einer-oberschule\\\/\"},\"wordCount\":109,\"publisher\":{\"@id\":\"https:\\\/\\\/schulen-colditz.de\\\/oberschule\\\/#organization\"},\"image\":{\"@id\":\"https:\\\/\\\/schulen-colditz.de\\\/oberschule\\\/lehrkraft-an-einer-oberschule\\\/#primaryimage\"},\"thumbnailUrl\":\"https:\\\/\\\/schulen-colditz.de\\\/oberschule\\\/wp-content\\\/uploads\\\/sites\\\/2\\\/2022\\\/04\\\/News1.jpeg\",\"inLanguage\":\"de\"},{\"@type\":\"WebPage\",\"@id\":\"https:\\\/\\\/schulen-colditz.de\\\/oberschule\\\/lehrkraft-an-einer-oberschule\\\/\",\"url\":\"https:\\\/\\\/schulen-colditz.de\\\/oberschule\\\/lehrkraft-an-einer-oberschule\\\/\",\"name\":\"\u00a0Lehrkraft\u00a0an einer Oberschule - Oberschule Colditz\",\"isPartOf\":{\"@id\":\"https:\\\/\\\/schulen-colditz.de\\\/oberschule\\\/#website\"},\"primaryImageOfPage\":{\"@id\":\"https:\\\/\\\/schulen-colditz.de\\\/oberschule\\\/lehrkraft-an-einer-oberschule\\\/#primaryimage\"},\"image\":{\"@id\":\"https:\\\/\\\/schulen-colditz.de\\\/oberschule\\\/lehrkraft-an-einer-oberschule\\\/#primaryimage\"},\"thumbnailUrl\":\"https:\\\/\\\/schulen-colditz.de\\\/oberschule\\\/wp-content\\\/uploads\\\/sites\\\/2\\\/2022\\\/04\\\/News1.jpeg\",\"datePublished\":\"2024-09-24T16:46:17+00:00\",\"breadcrumb\":{\"@id\":\"https:\\\/\\\/schulen-colditz.de\\\/oberschule\\\/lehrkraft-an-einer-oberschule\\\/#breadcrumb\"},\"inLanguage\":\"de\",\"potentialAction\":[{\"@type\":\"ReadAction\",\"target\":[\"https:\\\/\\\/schulen-colditz.de\\\/oberschule\\\/lehrkraft-an-einer-oberschule\\\/\"]}]},{\"@type\":\"ImageObject\",\"inLanguage\":\"de\",\"@id\":\"https:\\\/\\\/schulen-colditz.de\\\/oberschule\\\/lehrkraft-an-einer-oberschule\\\/#primaryimage\",\"url\":\"https:\\\/\\\/schulen-colditz.de\\\/oberschule\\\/wp-content\\\/uploads\\\/sites\\\/2\\\/2022\\\/04\\\/News1.jpeg\",\"contentUrl\":\"https:\\\/\\\/schulen-colditz.de\\\/oberschule\\\/wp-content\\\/uploads\\\/sites\\\/2\\\/2022\\\/04\\\/News1.jpeg\",\"width\":640,\"height\":427},{\"@type\":\"BreadcrumbList\",\"@id\":\"https:\\\/\\\/schulen-colditz.de\\\/oberschule\\\/lehrkraft-an-einer-oberschule\\\/#breadcrumb\",\"itemListElement\":[{\"@type\":\"ListItem\",\"position\":1,\"name\":\"Startseite\",\"item\":\"https:\\\/\\\/schulen-colditz.de\\\/oberschule\\\/\"},{\"@type\":\"ListItem\",\"position\":2,\"name\":\"\u00a0Lehrkraft\u00a0an einer Oberschule\"}]},{\"@type\":\"WebSite\",\"@id\":\"https:\\\/\\\/schulen-colditz.de\\\/oberschule\\\/#website\",\"url\":\"https:\\\/\\\/schulen-colditz.de\\\/oberschule\\\/\",\"name\":\"Oberschule Colditz\",\"description\":\"Hier erfahren Sie alles \u00fcber die Ooberschule Colditz\",\"publisher\":{\"@id\":\"https:\\\/\\\/schulen-colditz.de\\\/oberschule\\\/#organization\"},\"potentialAction\":[{\"@type\":\"SearchAction\",\"target\":{\"@type\":\"EntryPoint\",\"urlTemplate\":\"https:\\\/\\\/schulen-colditz.de\\\/oberschule\\\/?s={search_term_string}\"},\"query-input\":{\"@type\":\"PropertyValueSpecification\",\"valueRequired\":true,\"valueName\":\"search_term_string\"}}],\"inLanguage\":\"de\"},{\"@type\":\"Organization\",\"@id\":\"https:\\\/\\\/schulen-colditz.de\\\/oberschule\\\/#organization\",\"name\":\"Oberschule Colditz\",\"url\":\"https:\\\/\\\/schulen-colditz.de\\\/oberschule\\\/\",\"logo\":{\"@type\":\"ImageObject\",\"inLanguage\":\"de\",\"@id\":\"https:\\\/\\\/schulen-colditz.de\\\/oberschule\\\/#\\\/schema\\\/logo\\\/image\\\/\",\"url\":\"https:\\\/\\\/schulen-colditz.de\\\/oberschule\\\/wp-content\\\/uploads\\\/sites\\\/2\\\/2019\\\/08\\\/cropped-logo-oberschule-1.png\",\"contentUrl\":\"https:\\\/\\\/schulen-colditz.de\\\/oberschule\\\/wp-content\\\/uploads\\\/sites\\\/2\\\/2019\\\/08\\\/cropped-logo-oberschule-1.png\",\"width\":6815,\"height\":1405,\"caption\":\"Oberschule Colditz\"},\"image\":{\"@id\":\"https:\\\/\\\/schulen-colditz.de\\\/oberschule\\\/#\\\/schema\\\/logo\\\/image\\\/\"}},{\"@type\":\"Person\",\"@id\":\"https:\\\/\\\/schulen-colditz.de\\\/oberschule\\\/#\\\/schema\\\/person\\\/9d8536c285c01e908653542c8afe029d\",\"name\":\"wasner\",\"image\":{\"@type\":\"ImageObject\",\"inLanguage\":\"de\",\"@id\":\"https:\\\/\\\/secure.gravatar.com\\\/avatar\\\/e38b5eae3be7a127a47dd6527e93c1816505a98802291c6c161adb0a83eb42cf?s=96&d=mm&r=g\",\"url\":\"https:\\\/\\\/secure.gravatar.com\\\/avatar\\\/e38b5eae3be7a127a47dd6527e93c1816505a98802291c6c161adb0a83eb42cf?s=96&d=mm&r=g\",\"contentUrl\":\"https:\\\/\\\/secure.gravatar.com\\\/avatar\\\/e38b5eae3be7a127a47dd6527e93c1816505a98802291c6c161adb0a83eb42cf?s=96&d=mm&r=g\",\"caption\":\"wasner\"},\"url\":\"https:\\\/\\\/schulen-colditz.de\\\/oberschule\\\/author\\\/wasner\\\/\"}]}<\/script>\n<!-- \/ Yoast SEO plugin. -->","yoast_head_json":{"title":"\u00a0Lehrkraft\u00a0an einer Oberschule - Oberschule Colditz","robots":{"index":"index","follow":"follow","max-snippet":"max-snippet:-1","max-image-preview":"max-image-preview:large","max-video-preview":"max-video-preview:-1"},"canonical":"https:\/\/schulen-colditz.de\/oberschule\/lehrkraft-an-einer-oberschule\/","og_locale":"de_DE","og_type":"article","og_title":"\u00a0Lehrkraft\u00a0an einer Oberschule - Oberschule Colditz","og_description":"Die nachfolgende Ausschreibung richtet sich an grundst\u00e4ndig ausgebildete Lehrerinnen und Lehrer. Die Einstellung erfolgt grunds\u00e4tzlich unbefristet und in Vollzeit zum 01.02.2025. Die Ausschreibung gilt nicht f\u00fcr Lehrkr\u00e4fte, welche&hellip;","og_url":"https:\/\/schulen-colditz.de\/oberschule\/lehrkraft-an-einer-oberschule\/","og_site_name":"Oberschule Colditz","article_published_time":"2024-09-24T16:46:17+00:00","og_image":[{"width":640,"height":427,"url":"https:\/\/schulen-colditz.de\/oberschule\/wp-content\/uploads\/sites\/2\/2022\/04\/News1.jpeg","type":"image\/jpeg"}],"author":"wasner","twitter_card":"summary_large_image","twitter_misc":{"Verfasst von":"wasner","Gesch\u00e4tzte Lesezeit":"1\u00a0Minute"},"schema":{"@context":"https:\/\/schema.org","@graph":[{"@type":"Article","@id":"https:\/\/schulen-colditz.de\/oberschule\/lehrkraft-an-einer-oberschule\/#article","isPartOf":{"@id":"https:\/\/schulen-colditz.de\/oberschule\/lehrkraft-an-einer-oberschule\/"},"author":{"name":"wasner","@id":"https:\/\/schulen-colditz.de\/oberschule\/#\/schema\/person\/9d8536c285c01e908653542c8afe029d"},"headline":"\u00a0Lehrkraft\u00a0an einer Oberschule","datePublished":"2024-09-24T16:46:17+00:00","mainEntityOfPage":{"@id":"https:\/\/schulen-colditz.de\/oberschule\/lehrkraft-an-einer-oberschule\/"},"wordCount":109,"publisher":{"@id":"https:\/\/schulen-colditz.de\/oberschule\/#organization"},"image":{"@id":"https:\/\/schulen-colditz.de\/oberschule\/lehrkraft-an-einer-oberschule\/#primaryimage"},"thumbnailUrl":"https:\/\/schulen-colditz.de\/oberschule\/wp-content\/uploads\/sites\/2\/2022\/04\/News1.jpeg","inLanguage":"de"},{"@type":"WebPage","@id":"https:\/\/schulen-colditz.de\/oberschule\/lehrkraft-an-einer-oberschule\/","url":"https:\/\/schulen-colditz.de\/oberschule\/lehrkraft-an-einer-oberschule\/","name":"\u00a0Lehrkraft\u00a0an einer Oberschule - Oberschule Colditz","isPartOf":{"@id":"https:\/\/schulen-colditz.de\/oberschule\/#website"},"primaryImageOfPage":{"@id":"https:\/\/schulen-colditz.de\/oberschule\/lehrkraft-an-einer-oberschule\/#primaryimage"},"image":{"@id":"https:\/\/schulen-colditz.de\/oberschule\/lehrkraft-an-einer-oberschule\/#primaryimage"},"thumbnailUrl":"https:\/\/schulen-colditz.de\/oberschule\/wp-content\/uploads\/sites\/2\/2022\/04\/News1.jpeg","datePublished":"2024-09-24T16:46:17+00:00","breadcrumb":{"@id":"https:\/\/schulen-colditz.de\/oberschule\/lehrkraft-an-einer-oberschule\/#breadcrumb"},"inLanguage":"de","potentialAction":[{"@type":"ReadAction","target":["https:\/\/schulen-colditz.de\/oberschule\/lehrkraft-an-einer-oberschule\/"]}]},{"@type":"ImageObject","inLanguage":"de","@id":"https:\/\/schulen-colditz.de\/oberschule\/lehrkraft-an-einer-oberschule\/#primaryimage","url":"https:\/\/schulen-colditz.de\/oberschule\/wp-content\/uploads\/sites\/2\/2022\/04\/News1.jpeg","contentUrl":"https:\/\/schulen-colditz.de\/oberschule\/wp-content\/uploads\/sites\/2\/2022\/04\/News1.jpeg","width":640,"height":427},{"@type":"BreadcrumbList","@id":"https:\/\/schulen-colditz.de\/oberschule\/lehrkraft-an-einer-oberschule\/#breadcrumb","itemListElement":[{"@type":"ListItem","position":1,"name":"Startseite","item":"https:\/\/schulen-colditz.de\/oberschule\/"},{"@type":"ListItem","position":2,"name":"\u00a0Lehrkraft\u00a0an einer Oberschule"}]},{"@type":"WebSite","@id":"https:\/\/schulen-colditz.de\/oberschule\/#website","url":"https:\/\/schulen-colditz.de\/oberschule\/","name":"Oberschule Colditz","description":"Hier erfahren Sie alles \u00fcber die Ooberschule Colditz","publisher":{"@id":"https:\/\/schulen-colditz.de\/oberschule\/#organization"},"potentialAction":[{"@type":"SearchAction","target":{"@type":"EntryPoint","urlTemplate":"https:\/\/schulen-colditz.de\/oberschule\/?s={search_term_string}"},"query-input":{"@type":"PropertyValueSpecification","valueRequired":true,"valueName":"search_term_string"}}],"inLanguage":"de"},{"@type":"Organization","@id":"https:\/\/schulen-colditz.de\/oberschule\/#organization","name":"Oberschule Colditz","url":"https:\/\/schulen-colditz.de\/oberschule\/","logo":{"@type":"ImageObject","inLanguage":"de","@id":"https:\/\/schulen-colditz.de\/oberschule\/#\/schema\/logo\/image\/","url":"https:\/\/schulen-colditz.de\/oberschule\/wp-content\/uploads\/sites\/2\/2019\/08\/cropped-logo-oberschule-1.png","contentUrl":"https:\/\/schulen-colditz.de\/oberschule\/wp-content\/uploads\/sites\/2\/2019\/08\/cropped-logo-oberschule-1.png","width":6815,"height":1405,"caption":"Oberschule Colditz"},"image":{"@id":"https:\/\/schulen-colditz.de\/oberschule\/#\/schema\/logo\/image\/"}},{"@type":"Person","@id":"https:\/\/schulen-colditz.de\/oberschule\/#\/schema\/person\/9d8536c285c01e908653542c8afe029d","name":"wasner","image":{"@type":"ImageObject","inLanguage":"de","@id":"https:\/\/secure.gravatar.com\/avatar\/e38b5eae3be7a127a47dd6527e93c1816505a98802291c6c161adb0a83eb42cf?s=96&d=mm&r=g","url":"https:\/\/secure.gravatar.com\/avatar\/e38b5eae3be7a127a47dd6527e93c1816505a98802291c6c161adb0a83eb42cf?s=96&d=mm&r=g","contentUrl":"https:\/\/secure.gravatar.com\/avatar\/e38b5eae3be7a127a47dd6527e93c1816505a98802291c6c161adb0a83eb42cf?s=96&d=mm&r=g","caption":"wasner"},"url":"https:\/\/schulen-colditz.de\/oberschule\/author\/wasner\/"}]}},"uagb_featured_image_src":{"full":["https:\/\/schulen-colditz.de\/oberschule\/wp-content\/uploads\/sites\/2\/2022\/04\/News1.jpeg",640,427,false],"thumbnail":["https:\/\/schulen-colditz.de\/oberschule\/wp-content\/uploads\/sites\/2\/2022\/04\/News1-150x150.jpeg",150,150,true],"medium":["https:\/\/schulen-colditz.de\/oberschule\/wp-content\/uploads\/sites\/2\/2022\/04\/News1-300x200.jpeg",300,200,true],"medium_large":["https:\/\/schulen-colditz.de\/oberschule\/wp-content\/uploads\/sites\/2\/2022\/04\/News1.jpeg",580,387,false],"large":["https:\/\/schulen-colditz.de\/oberschule\/wp-content\/uploads\/sites\/2\/2022\/04\/News1-544x363.jpeg",544,363,true],"1536x1536":["https:\/\/schulen-colditz.de\/oberschule\/wp-content\/uploads\/sites\/2\/2022\/04\/News1.jpeg",640,427,false],"2048x2048":["https:\/\/schulen-colditz.de\/oberschule\/wp-content\/uploads\/sites\/2\/2022\/04\/News1.jpeg",640,427,false],"post-thumbnail":["https:\/\/schulen-colditz.de\/oberschule\/wp-content\/uploads\/sites\/2\/2022\/04\/News1.jpeg",640,427,false],"chaplin_preview_image_low_resolution":["https:\/\/schulen-colditz.de\/oberschule\/wp-content\/uploads\/sites\/2\/2022\/04\/News1-540x360.jpeg",540,360,true],"chaplin_preview_image_high_resolution":["https:\/\/schulen-colditz.de\/oberschule\/wp-content\/uploads\/sites\/2\/2022\/04\/News1.jpeg",640,427,false],"chaplin_fullscreen":["https:\/\/schulen-colditz.de\/oberschule\/wp-content\/uploads\/sites\/2\/2022\/04\/News1.jpeg",640,427,false],"400x250-crop":["https:\/\/schulen-colditz.de\/oberschule\/wp-content\/uploads\/sites\/2\/2022\/04\/News1.jpeg",375,250,false]},"uagb_author_info":{"display_name":"wasner","author_link":"https:\/\/schulen-colditz.de\/oberschule\/author\/wasner\/"},"uagb_comment_info":0,"uagb_excerpt":"Die nachfolgende Ausschreibung richtet sich an grundst\u00e4ndig ausgebildete Lehrerinnen und Lehrer. Die Einstellung erfolgt grunds\u00e4tzlich unbefristet und in Vollzeit zum 01.02.2025. Die Ausschreibung gilt nicht f\u00fcr Lehrkr\u00e4fte, welche&hellip;","_links":{"self":[{"href":"https:\/\/schulen-colditz.de\/oberschule\/wp-json\/wp\/v2\/posts\/2109","targetHints":{"allow":["GET"]}}],"collection":[{"href":"https:\/\/schulen-colditz.de\/oberschule\/wp-json\/wp\/v2\/posts"}],"about":[{"href":"https:\/\/schulen-colditz.de\/oberschule\/wp-json\/wp\/v2\/types\/post"}],"author":[{"embeddable":true,"href":"https:\/\/schulen-colditz.de\/oberschule\/wp-json\/wp\/v2\/users\/4"}],"replies":[{"embeddable":true,"href":"https:\/\/schulen-colditz.de\/oberschule\/wp-json\/wp\/v2\/comments?post=2109"}],"version-history":[{"count":0,"href":"https:\/\/schulen-colditz.de\/oberschule\/wp-json\/wp\/v2\/posts\/2109\/revisions"}],"wp:featuredmedia":[{"embeddable":true,"href":"https:\/\/schulen-colditz.de\/oberschule\/wp-json\/wp\/v2\/media\/1326"}],"wp:attachment":[{"href":"https:\/\/schulen-colditz.de\/oberschule\/wp-json\/wp\/v2\/media?parent=2109"}],"wp:term":[{"taxonomy":"category","embeddable":true,"href":"https:\/\/schulen-colditz.de\/oberschule\/wp-json\/wp\/v2\/categories?post=2109"},{"taxonomy":"post_tag","embeddable":true,"href":"https:\/\/schulen-colditz.de\/oberschule\/wp-json\/wp\/v2\/tags?post=2109"}],"curies":[{"name":"wp","href":"https:\/\/api.w.org\/{rel}","templated":true}]}}