{"id":2048,"date":"2024-03-14T07:19:35","date_gmt":"2024-03-14T06:19:35","guid":{"rendered":"https:\/\/schulen-colditz.de\/oberschule\/?p=2048"},"modified":"2024-03-14T07:21:10","modified_gmt":"2024-03-14T06:21:10","slug":"projekt-gesundes-fruehstueck-mit-klasse-6a","status":"publish","type":"post","link":"https:\/\/schulen-colditz.de\/oberschule\/projekt-gesundes-fruehstueck-mit-klasse-6a\/","title":{"rendered":"Projekt &#8222;Gesundes Fr\u00fchst\u00fcck&#8220; mit Klasse 6a"},"content":{"rendered":"\n<div class=\"wp-block-uagb-container uagb-block-b446e7ce alignfull uagb-is-root-container\"><div class=\"uagb-container-inner-blocks-wrap\">\n<p class=\"wp-block-paragraph\">Im Rahmen des Projekts &#8222;Gesundes Fr\u00fchst\u00fcck&#8220; wurde bereits im Januar die Klasse 6a in die Welt der ausgewogenen Ern\u00e4hrung eingef\u00fchrt. Ein einf\u00fchrendes Gespr\u00e4ch betonte die Bedeutung von Gesundheit, wobei die Ern\u00e4hrung eine zentrale Rolle spielte. Die Diskussion betonte, dass eine gesunde Ern\u00e4hrung ausgewogen und vollwertig sein sollte, um alle notwendigen N\u00e4hrstoffe zu liefern. Besonders hervorgehoben wurden Vollwertprodukte, Eiwei\u00dfe wie Milch, Quark und Joghurt sowie Obst, Gem\u00fcse und geeignete Getr\u00e4nke. Ein vollwertiges Fr\u00fchst\u00fcck wurde als essenzielle Quelle von Energie und Kraft f\u00fcr den gesamten Tag betrachtet, und als Grundlage f\u00fcr alle t\u00e4glichen Aktivit\u00e4ten wie Sport, Arbeit und geistige Anstrengungen in der Schule. Es wurde auch \u00fcber m\u00f6gliche Ursachen f\u00fcr das Auslassen des Fr\u00fchst\u00fccks diskutiert, darunter Zeitmangel, \u00dcbelkeit oder mangelnde Erziehung. Im Rahmen einer praktischen Umsetzung in der Hauswirtschaftsk\u00fcche wurden gesunde Fr\u00fchst\u00fccksoptionen hergestellt. Dazu geh\u00f6rten mit Gem\u00fcse und H\u00e4hnchen gef\u00fcllte Wraps, Obst- und Gem\u00fcsespie\u00dfe, Erdbeerjoghurt, Stracciatella-Quark, belegte Brote sowie M\u00fcsli mit N\u00fcssen und frischem Obst. Die Sch\u00fclerinnen und Sch\u00fcler der Klasse 6a nahmen mit gro\u00dfer Begeisterung an der Zubereitung teil und genossen das k\u00f6stliche Fr\u00fchst\u00fcck sichtlich. Die Finanzierung dieses Projekts wurde durch eine Spende der anona GmbH erm\u00f6glicht, wof\u00fcr wir herzlich danken m\u00f6chten. Insgesamt war das Projekt &#8222;Gesundes Fr\u00fchst\u00fcck&#8220; nicht nur lehrreich, sondern auch ein voller Erfolg in Bezug auf die Sensibilisierung der Sch\u00fclerinnen und Sch\u00fcler f\u00fcr eine gesunde Ern\u00e4hrung und deren praktische Umsetzung im Alltag.<\/p>\n\n\n\n<p class=\"wp-block-paragraph\">Evelyn Marschner<br>Klassenlehrerin 6a<\/p>\n<\/div><\/div>\n\n\n\n<figure class=\"wp-block-gallery has-nested-images columns-default is-cropped wp-block-gallery-1 is-layout-flex wp-block-gallery-is-layout-flex\">\n<figure class=\"wp-block-image size-large\"><img loading=\"lazy\" decoding=\"async\" width=\"544\" height=\"408\" data-id=\"2052\" src=\"https:\/\/schulen-colditz.de\/oberschule\/wp-content\/uploads\/sites\/2\/2024\/03\/Projekt-gesundes-Fruehstueck_Bild-2-544x408.jpg\" alt=\"\" class=\"wp-image-2052\" srcset=\"https:\/\/schulen-colditz.de\/oberschule\/wp-content\/uploads\/sites\/2\/2024\/03\/Projekt-gesundes-Fruehstueck_Bild-2-544x408.jpg 544w, https:\/\/schulen-colditz.de\/oberschule\/wp-content\/uploads\/sites\/2\/2024\/03\/Projekt-gesundes-Fruehstueck_Bild-2-300x225.jpg 300w, https:\/\/schulen-colditz.de\/oberschule\/wp-content\/uploads\/sites\/2\/2024\/03\/Projekt-gesundes-Fruehstueck_Bild-2-768x576.jpg 768w, https:\/\/schulen-colditz.de\/oberschule\/wp-content\/uploads\/sites\/2\/2024\/03\/Projekt-gesundes-Fruehstueck_Bild-2-540x405.jpg 540w, https:\/\/schulen-colditz.de\/oberschule\/wp-content\/uploads\/sites\/2\/2024\/03\/Projekt-gesundes-Fruehstueck_Bild-2.jpg 1024w\" sizes=\"auto, (max-width: 544px) 100vw, 544px\" \/><\/figure>\n\n\n\n<figure class=\"wp-block-image size-large\"><img loading=\"lazy\" decoding=\"async\" width=\"544\" height=\"408\" data-id=\"2053\" src=\"https:\/\/schulen-colditz.de\/oberschule\/wp-content\/uploads\/sites\/2\/2024\/03\/Projekt-gesundes-Fruehstueck_Bild-1-544x408.jpg\" alt=\"\" class=\"wp-image-2053\" srcset=\"https:\/\/schulen-colditz.de\/oberschule\/wp-content\/uploads\/sites\/2\/2024\/03\/Projekt-gesundes-Fruehstueck_Bild-1-544x408.jpg 544w, https:\/\/schulen-colditz.de\/oberschule\/wp-content\/uploads\/sites\/2\/2024\/03\/Projekt-gesundes-Fruehstueck_Bild-1-300x225.jpg 300w, https:\/\/schulen-colditz.de\/oberschule\/wp-content\/uploads\/sites\/2\/2024\/03\/Projekt-gesundes-Fruehstueck_Bild-1-768x576.jpg 768w, https:\/\/schulen-colditz.de\/oberschule\/wp-content\/uploads\/sites\/2\/2024\/03\/Projekt-gesundes-Fruehstueck_Bild-1-540x405.jpg 540w, https:\/\/schulen-colditz.de\/oberschule\/wp-content\/uploads\/sites\/2\/2024\/03\/Projekt-gesundes-Fruehstueck_Bild-1.jpg 1024w\" sizes=\"auto, (max-width: 544px) 100vw, 544px\" \/><\/figure>\n<\/figure>\n","protected":false},"excerpt":{"rendered":"<p>Im Rahmen des Projekts &#8222;Gesundes Fr\u00fchst\u00fcck&#8220; wurde bereits im Januar die Klasse 6a in die Welt der ausgewogenen Ern\u00e4hrung eingef\u00fchrt. Ein einf\u00fchrendes Gespr\u00e4ch betonte die Bedeutung von Gesundheit,&hellip;<\/p>\n","protected":false},"author":4,"featured_media":2053,"comment_status":"closed","ping_status":"closed","sticky":false,"template":"","format":"standard","meta":{"_crdt_document":"","inline_featured_image":false,"_uag_custom_page_level_css":"","pgc_sgb_lightbox_settings":"","footnotes":""},"categories":[1],"tags":[],"class_list":["post-2048","post","type-post","status-publish","format-standard","has-post-thumbnail","hentry","category-allgemein"],"yoast_head":"<!-- This site is optimized with the Yoast SEO plugin v27.4 - https:\/\/yoast.com\/product\/yoast-seo-wordpress\/ -->\n<title>Projekt &quot;Gesundes Fr\u00fchst\u00fcck&quot; mit Klasse 6a - Oberschule Colditz<\/title>\n<meta name=\"robots\" content=\"index, follow, max-snippet:-1, max-image-preview:large, max-video-preview:-1\" \/>\n<link rel=\"canonical\" href=\"https:\/\/schulen-colditz.de\/oberschule\/projekt-gesundes-fruehstueck-mit-klasse-6a\/\" \/>\n<meta property=\"og:locale\" content=\"de_DE\" \/>\n<meta property=\"og:type\" content=\"article\" \/>\n<meta property=\"og:title\" content=\"Projekt &quot;Gesundes Fr\u00fchst\u00fcck&quot; mit Klasse 6a - Oberschule Colditz\" \/>\n<meta property=\"og:description\" content=\"Im Rahmen des Projekts &#8222;Gesundes Fr\u00fchst\u00fcck&#8220; wurde bereits im Januar die Klasse 6a in die Welt der ausgewogenen Ern\u00e4hrung eingef\u00fchrt. Ein einf\u00fchrendes Gespr\u00e4ch betonte die Bedeutung von Gesundheit,&hellip;\" \/>\n<meta property=\"og:url\" content=\"https:\/\/schulen-colditz.de\/oberschule\/projekt-gesundes-fruehstueck-mit-klasse-6a\/\" \/>\n<meta property=\"og:site_name\" content=\"Oberschule Colditz\" \/>\n<meta property=\"article:published_time\" content=\"2024-03-14T06:19:35+00:00\" \/>\n<meta property=\"article:modified_time\" content=\"2024-03-14T06:21:10+00:00\" \/>\n<meta property=\"og:image\" content=\"https:\/\/schulen-colditz.de\/oberschule\/wp-content\/uploads\/sites\/2\/2024\/03\/Projekt-gesundes-Fruehstueck_Bild-1.jpg\" \/>\n\t<meta property=\"og:image:width\" content=\"1024\" \/>\n\t<meta property=\"og:image:height\" content=\"768\" \/>\n\t<meta property=\"og:image:type\" content=\"image\/jpeg\" \/>\n<meta name=\"author\" content=\"wasner\" \/>\n<meta name=\"twitter:card\" content=\"summary_large_image\" \/>\n<meta name=\"twitter:label1\" content=\"Verfasst von\" \/>\n\t<meta name=\"twitter:data1\" content=\"wasner\" \/>\n\t<meta name=\"twitter:label2\" content=\"Gesch\u00e4tzte Lesezeit\" \/>\n\t<meta name=\"twitter:data2\" content=\"2\u00a0Minuten\" \/>\n<script type=\"application\/ld+json\" class=\"yoast-schema-graph\">{\"@context\":\"https:\\\/\\\/schema.org\",\"@graph\":[{\"@type\":\"Article\",\"@id\":\"https:\\\/\\\/schulen-colditz.de\\\/oberschule\\\/projekt-gesundes-fruehstueck-mit-klasse-6a\\\/#article\",\"isPartOf\":{\"@id\":\"https:\\\/\\\/schulen-colditz.de\\\/oberschule\\\/projekt-gesundes-fruehstueck-mit-klasse-6a\\\/\"},\"author\":{\"name\":\"wasner\",\"@id\":\"https:\\\/\\\/schulen-colditz.de\\\/oberschule\\\/#\\\/schema\\\/person\\\/9d8536c285c01e908653542c8afe029d\"},\"headline\":\"Projekt &#8222;Gesundes Fr\u00fchst\u00fcck&#8220; mit Klasse 6a\",\"datePublished\":\"2024-03-14T06:19:35+00:00\",\"dateModified\":\"2024-03-14T06:21:10+00:00\",\"mainEntityOfPage\":{\"@id\":\"https:\\\/\\\/schulen-colditz.de\\\/oberschule\\\/projekt-gesundes-fruehstueck-mit-klasse-6a\\\/\"},\"wordCount\":283,\"publisher\":{\"@id\":\"https:\\\/\\\/schulen-colditz.de\\\/oberschule\\\/#organization\"},\"image\":{\"@id\":\"https:\\\/\\\/schulen-colditz.de\\\/oberschule\\\/projekt-gesundes-fruehstueck-mit-klasse-6a\\\/#primaryimage\"},\"thumbnailUrl\":\"https:\\\/\\\/schulen-colditz.de\\\/oberschule\\\/wp-content\\\/uploads\\\/sites\\\/2\\\/2024\\\/03\\\/Projekt-gesundes-Fruehstueck_Bild-1.jpg\",\"inLanguage\":\"de\"},{\"@type\":\"WebPage\",\"@id\":\"https:\\\/\\\/schulen-colditz.de\\\/oberschule\\\/projekt-gesundes-fruehstueck-mit-klasse-6a\\\/\",\"url\":\"https:\\\/\\\/schulen-colditz.de\\\/oberschule\\\/projekt-gesundes-fruehstueck-mit-klasse-6a\\\/\",\"name\":\"Projekt \\\"Gesundes Fr\u00fchst\u00fcck\\\" mit Klasse 6a - Oberschule Colditz\",\"isPartOf\":{\"@id\":\"https:\\\/\\\/schulen-colditz.de\\\/oberschule\\\/#website\"},\"primaryImageOfPage\":{\"@id\":\"https:\\\/\\\/schulen-colditz.de\\\/oberschule\\\/projekt-gesundes-fruehstueck-mit-klasse-6a\\\/#primaryimage\"},\"image\":{\"@id\":\"https:\\\/\\\/schulen-colditz.de\\\/oberschule\\\/projekt-gesundes-fruehstueck-mit-klasse-6a\\\/#primaryimage\"},\"thumbnailUrl\":\"https:\\\/\\\/schulen-colditz.de\\\/oberschule\\\/wp-content\\\/uploads\\\/sites\\\/2\\\/2024\\\/03\\\/Projekt-gesundes-Fruehstueck_Bild-1.jpg\",\"datePublished\":\"2024-03-14T06:19:35+00:00\",\"dateModified\":\"2024-03-14T06:21:10+00:00\",\"breadcrumb\":{\"@id\":\"https:\\\/\\\/schulen-colditz.de\\\/oberschule\\\/projekt-gesundes-fruehstueck-mit-klasse-6a\\\/#breadcrumb\"},\"inLanguage\":\"de\",\"potentialAction\":[{\"@type\":\"ReadAction\",\"target\":[\"https:\\\/\\\/schulen-colditz.de\\\/oberschule\\\/projekt-gesundes-fruehstueck-mit-klasse-6a\\\/\"]}]},{\"@type\":\"ImageObject\",\"inLanguage\":\"de\",\"@id\":\"https:\\\/\\\/schulen-colditz.de\\\/oberschule\\\/projekt-gesundes-fruehstueck-mit-klasse-6a\\\/#primaryimage\",\"url\":\"https:\\\/\\\/schulen-colditz.de\\\/oberschule\\\/wp-content\\\/uploads\\\/sites\\\/2\\\/2024\\\/03\\\/Projekt-gesundes-Fruehstueck_Bild-1.jpg\",\"contentUrl\":\"https:\\\/\\\/schulen-colditz.de\\\/oberschule\\\/wp-content\\\/uploads\\\/sites\\\/2\\\/2024\\\/03\\\/Projekt-gesundes-Fruehstueck_Bild-1.jpg\",\"width\":1024,\"height\":768,\"caption\":\"Gesundes Fr\u00fchst\u00fcck\"},{\"@type\":\"BreadcrumbList\",\"@id\":\"https:\\\/\\\/schulen-colditz.de\\\/oberschule\\\/projekt-gesundes-fruehstueck-mit-klasse-6a\\\/#breadcrumb\",\"itemListElement\":[{\"@type\":\"ListItem\",\"position\":1,\"name\":\"Startseite\",\"item\":\"https:\\\/\\\/schulen-colditz.de\\\/oberschule\\\/\"},{\"@type\":\"ListItem\",\"position\":2,\"name\":\"Projekt &#8222;Gesundes Fr\u00fchst\u00fcck&#8220; mit Klasse 6a\"}]},{\"@type\":\"WebSite\",\"@id\":\"https:\\\/\\\/schulen-colditz.de\\\/oberschule\\\/#website\",\"url\":\"https:\\\/\\\/schulen-colditz.de\\\/oberschule\\\/\",\"name\":\"Oberschule Colditz\",\"description\":\"Hier erfahren Sie alles \u00fcber die Ooberschule Colditz\",\"publisher\":{\"@id\":\"https:\\\/\\\/schulen-colditz.de\\\/oberschule\\\/#organization\"},\"potentialAction\":[{\"@type\":\"SearchAction\",\"target\":{\"@type\":\"EntryPoint\",\"urlTemplate\":\"https:\\\/\\\/schulen-colditz.de\\\/oberschule\\\/?s={search_term_string}\"},\"query-input\":{\"@type\":\"PropertyValueSpecification\",\"valueRequired\":true,\"valueName\":\"search_term_string\"}}],\"inLanguage\":\"de\"},{\"@type\":\"Organization\",\"@id\":\"https:\\\/\\\/schulen-colditz.de\\\/oberschule\\\/#organization\",\"name\":\"Oberschule Colditz\",\"url\":\"https:\\\/\\\/schulen-colditz.de\\\/oberschule\\\/\",\"logo\":{\"@type\":\"ImageObject\",\"inLanguage\":\"de\",\"@id\":\"https:\\\/\\\/schulen-colditz.de\\\/oberschule\\\/#\\\/schema\\\/logo\\\/image\\\/\",\"url\":\"https:\\\/\\\/schulen-colditz.de\\\/oberschule\\\/wp-content\\\/uploads\\\/sites\\\/2\\\/2019\\\/08\\\/cropped-logo-oberschule-1.png\",\"contentUrl\":\"https:\\\/\\\/schulen-colditz.de\\\/oberschule\\\/wp-content\\\/uploads\\\/sites\\\/2\\\/2019\\\/08\\\/cropped-logo-oberschule-1.png\",\"width\":6815,\"height\":1405,\"caption\":\"Oberschule Colditz\"},\"image\":{\"@id\":\"https:\\\/\\\/schulen-colditz.de\\\/oberschule\\\/#\\\/schema\\\/logo\\\/image\\\/\"}},{\"@type\":\"Person\",\"@id\":\"https:\\\/\\\/schulen-colditz.de\\\/oberschule\\\/#\\\/schema\\\/person\\\/9d8536c285c01e908653542c8afe029d\",\"name\":\"wasner\",\"image\":{\"@type\":\"ImageObject\",\"inLanguage\":\"de\",\"@id\":\"https:\\\/\\\/secure.gravatar.com\\\/avatar\\\/e38b5eae3be7a127a47dd6527e93c1816505a98802291c6c161adb0a83eb42cf?s=96&d=mm&r=g\",\"url\":\"https:\\\/\\\/secure.gravatar.com\\\/avatar\\\/e38b5eae3be7a127a47dd6527e93c1816505a98802291c6c161adb0a83eb42cf?s=96&d=mm&r=g\",\"contentUrl\":\"https:\\\/\\\/secure.gravatar.com\\\/avatar\\\/e38b5eae3be7a127a47dd6527e93c1816505a98802291c6c161adb0a83eb42cf?s=96&d=mm&r=g\",\"caption\":\"wasner\"},\"url\":\"https:\\\/\\\/schulen-colditz.de\\\/oberschule\\\/author\\\/wasner\\\/\"}]}<\/script>\n<!-- \/ Yoast SEO plugin. -->","yoast_head_json":{"title":"Projekt \"Gesundes Fr\u00fchst\u00fcck\" mit Klasse 6a - Oberschule Colditz","robots":{"index":"index","follow":"follow","max-snippet":"max-snippet:-1","max-image-preview":"max-image-preview:large","max-video-preview":"max-video-preview:-1"},"canonical":"https:\/\/schulen-colditz.de\/oberschule\/projekt-gesundes-fruehstueck-mit-klasse-6a\/","og_locale":"de_DE","og_type":"article","og_title":"Projekt \"Gesundes Fr\u00fchst\u00fcck\" mit Klasse 6a - Oberschule Colditz","og_description":"Im Rahmen des Projekts &#8222;Gesundes Fr\u00fchst\u00fcck&#8220; wurde bereits im Januar die Klasse 6a in die Welt der ausgewogenen Ern\u00e4hrung eingef\u00fchrt. Ein einf\u00fchrendes Gespr\u00e4ch betonte die Bedeutung von Gesundheit,&hellip;","og_url":"https:\/\/schulen-colditz.de\/oberschule\/projekt-gesundes-fruehstueck-mit-klasse-6a\/","og_site_name":"Oberschule Colditz","article_published_time":"2024-03-14T06:19:35+00:00","article_modified_time":"2024-03-14T06:21:10+00:00","og_image":[{"width":1024,"height":768,"url":"https:\/\/schulen-colditz.de\/oberschule\/wp-content\/uploads\/sites\/2\/2024\/03\/Projekt-gesundes-Fruehstueck_Bild-1.jpg","type":"image\/jpeg"}],"author":"wasner","twitter_card":"summary_large_image","twitter_misc":{"Verfasst von":"wasner","Gesch\u00e4tzte Lesezeit":"2\u00a0Minuten"},"schema":{"@context":"https:\/\/schema.org","@graph":[{"@type":"Article","@id":"https:\/\/schulen-colditz.de\/oberschule\/projekt-gesundes-fruehstueck-mit-klasse-6a\/#article","isPartOf":{"@id":"https:\/\/schulen-colditz.de\/oberschule\/projekt-gesundes-fruehstueck-mit-klasse-6a\/"},"author":{"name":"wasner","@id":"https:\/\/schulen-colditz.de\/oberschule\/#\/schema\/person\/9d8536c285c01e908653542c8afe029d"},"headline":"Projekt &#8222;Gesundes Fr\u00fchst\u00fcck&#8220; mit Klasse 6a","datePublished":"2024-03-14T06:19:35+00:00","dateModified":"2024-03-14T06:21:10+00:00","mainEntityOfPage":{"@id":"https:\/\/schulen-colditz.de\/oberschule\/projekt-gesundes-fruehstueck-mit-klasse-6a\/"},"wordCount":283,"publisher":{"@id":"https:\/\/schulen-colditz.de\/oberschule\/#organization"},"image":{"@id":"https:\/\/schulen-colditz.de\/oberschule\/projekt-gesundes-fruehstueck-mit-klasse-6a\/#primaryimage"},"thumbnailUrl":"https:\/\/schulen-colditz.de\/oberschule\/wp-content\/uploads\/sites\/2\/2024\/03\/Projekt-gesundes-Fruehstueck_Bild-1.jpg","inLanguage":"de"},{"@type":"WebPage","@id":"https:\/\/schulen-colditz.de\/oberschule\/projekt-gesundes-fruehstueck-mit-klasse-6a\/","url":"https:\/\/schulen-colditz.de\/oberschule\/projekt-gesundes-fruehstueck-mit-klasse-6a\/","name":"Projekt \"Gesundes Fr\u00fchst\u00fcck\" mit Klasse 6a - Oberschule Colditz","isPartOf":{"@id":"https:\/\/schulen-colditz.de\/oberschule\/#website"},"primaryImageOfPage":{"@id":"https:\/\/schulen-colditz.de\/oberschule\/projekt-gesundes-fruehstueck-mit-klasse-6a\/#primaryimage"},"image":{"@id":"https:\/\/schulen-colditz.de\/oberschule\/projekt-gesundes-fruehstueck-mit-klasse-6a\/#primaryimage"},"thumbnailUrl":"https:\/\/schulen-colditz.de\/oberschule\/wp-content\/uploads\/sites\/2\/2024\/03\/Projekt-gesundes-Fruehstueck_Bild-1.jpg","datePublished":"2024-03-14T06:19:35+00:00","dateModified":"2024-03-14T06:21:10+00:00","breadcrumb":{"@id":"https:\/\/schulen-colditz.de\/oberschule\/projekt-gesundes-fruehstueck-mit-klasse-6a\/#breadcrumb"},"inLanguage":"de","potentialAction":[{"@type":"ReadAction","target":["https:\/\/schulen-colditz.de\/oberschule\/projekt-gesundes-fruehstueck-mit-klasse-6a\/"]}]},{"@type":"ImageObject","inLanguage":"de","@id":"https:\/\/schulen-colditz.de\/oberschule\/projekt-gesundes-fruehstueck-mit-klasse-6a\/#primaryimage","url":"https:\/\/schulen-colditz.de\/oberschule\/wp-content\/uploads\/sites\/2\/2024\/03\/Projekt-gesundes-Fruehstueck_Bild-1.jpg","contentUrl":"https:\/\/schulen-colditz.de\/oberschule\/wp-content\/uploads\/sites\/2\/2024\/03\/Projekt-gesundes-Fruehstueck_Bild-1.jpg","width":1024,"height":768,"caption":"Gesundes Fr\u00fchst\u00fcck"},{"@type":"BreadcrumbList","@id":"https:\/\/schulen-colditz.de\/oberschule\/projekt-gesundes-fruehstueck-mit-klasse-6a\/#breadcrumb","itemListElement":[{"@type":"ListItem","position":1,"name":"Startseite","item":"https:\/\/schulen-colditz.de\/oberschule\/"},{"@type":"ListItem","position":2,"name":"Projekt &#8222;Gesundes Fr\u00fchst\u00fcck&#8220; mit Klasse 6a"}]},{"@type":"WebSite","@id":"https:\/\/schulen-colditz.de\/oberschule\/#website","url":"https:\/\/schulen-colditz.de\/oberschule\/","name":"Oberschule Colditz","description":"Hier erfahren Sie alles \u00fcber die Ooberschule Colditz","publisher":{"@id":"https:\/\/schulen-colditz.de\/oberschule\/#organization"},"potentialAction":[{"@type":"SearchAction","target":{"@type":"EntryPoint","urlTemplate":"https:\/\/schulen-colditz.de\/oberschule\/?s={search_term_string}"},"query-input":{"@type":"PropertyValueSpecification","valueRequired":true,"valueName":"search_term_string"}}],"inLanguage":"de"},{"@type":"Organization","@id":"https:\/\/schulen-colditz.de\/oberschule\/#organization","name":"Oberschule Colditz","url":"https:\/\/schulen-colditz.de\/oberschule\/","logo":{"@type":"ImageObject","inLanguage":"de","@id":"https:\/\/schulen-colditz.de\/oberschule\/#\/schema\/logo\/image\/","url":"https:\/\/schulen-colditz.de\/oberschule\/wp-content\/uploads\/sites\/2\/2019\/08\/cropped-logo-oberschule-1.png","contentUrl":"https:\/\/schulen-colditz.de\/oberschule\/wp-content\/uploads\/sites\/2\/2019\/08\/cropped-logo-oberschule-1.png","width":6815,"height":1405,"caption":"Oberschule Colditz"},"image":{"@id":"https:\/\/schulen-colditz.de\/oberschule\/#\/schema\/logo\/image\/"}},{"@type":"Person","@id":"https:\/\/schulen-colditz.de\/oberschule\/#\/schema\/person\/9d8536c285c01e908653542c8afe029d","name":"wasner","image":{"@type":"ImageObject","inLanguage":"de","@id":"https:\/\/secure.gravatar.com\/avatar\/e38b5eae3be7a127a47dd6527e93c1816505a98802291c6c161adb0a83eb42cf?s=96&d=mm&r=g","url":"https:\/\/secure.gravatar.com\/avatar\/e38b5eae3be7a127a47dd6527e93c1816505a98802291c6c161adb0a83eb42cf?s=96&d=mm&r=g","contentUrl":"https:\/\/secure.gravatar.com\/avatar\/e38b5eae3be7a127a47dd6527e93c1816505a98802291c6c161adb0a83eb42cf?s=96&d=mm&r=g","caption":"wasner"},"url":"https:\/\/schulen-colditz.de\/oberschule\/author\/wasner\/"}]}},"uagb_featured_image_src":{"full":["https:\/\/schulen-colditz.de\/oberschule\/wp-content\/uploads\/sites\/2\/2024\/03\/Projekt-gesundes-Fruehstueck_Bild-1.jpg",1024,768,false],"thumbnail":["https:\/\/schulen-colditz.de\/oberschule\/wp-content\/uploads\/sites\/2\/2024\/03\/Projekt-gesundes-Fruehstueck_Bild-1-150x150.jpg",150,150,true],"medium":["https:\/\/schulen-colditz.de\/oberschule\/wp-content\/uploads\/sites\/2\/2024\/03\/Projekt-gesundes-Fruehstueck_Bild-1-300x225.jpg",300,225,true],"medium_large":["https:\/\/schulen-colditz.de\/oberschule\/wp-content\/uploads\/sites\/2\/2024\/03\/Projekt-gesundes-Fruehstueck_Bild-1-768x576.jpg",580,435,true],"large":["https:\/\/schulen-colditz.de\/oberschule\/wp-content\/uploads\/sites\/2\/2024\/03\/Projekt-gesundes-Fruehstueck_Bild-1-544x408.jpg",544,408,true],"1536x1536":["https:\/\/schulen-colditz.de\/oberschule\/wp-content\/uploads\/sites\/2\/2024\/03\/Projekt-gesundes-Fruehstueck_Bild-1.jpg",1024,768,false],"2048x2048":["https:\/\/schulen-colditz.de\/oberschule\/wp-content\/uploads\/sites\/2\/2024\/03\/Projekt-gesundes-Fruehstueck_Bild-1.jpg",1024,768,false],"post-thumbnail":["https:\/\/schulen-colditz.de\/oberschule\/wp-content\/uploads\/sites\/2\/2024\/03\/Projekt-gesundes-Fruehstueck_Bild-1.jpg",1024,768,false],"chaplin_preview_image_low_resolution":["https:\/\/schulen-colditz.de\/oberschule\/wp-content\/uploads\/sites\/2\/2024\/03\/Projekt-gesundes-Fruehstueck_Bild-1-540x405.jpg",540,405,true],"chaplin_preview_image_high_resolution":["https:\/\/schulen-colditz.de\/oberschule\/wp-content\/uploads\/sites\/2\/2024\/03\/Projekt-gesundes-Fruehstueck_Bild-1.jpg",1024,768,false],"chaplin_fullscreen":["https:\/\/schulen-colditz.de\/oberschule\/wp-content\/uploads\/sites\/2\/2024\/03\/Projekt-gesundes-Fruehstueck_Bild-1.jpg",1024,768,false],"400x250-crop":["https:\/\/schulen-colditz.de\/oberschule\/wp-content\/uploads\/sites\/2\/2024\/03\/Projekt-gesundes-Fruehstueck_Bild-1-400x250.jpg",400,250,true]},"uagb_author_info":{"display_name":"wasner","author_link":"https:\/\/schulen-colditz.de\/oberschule\/author\/wasner\/"},"uagb_comment_info":0,"uagb_excerpt":"Im Rahmen des Projekts &#8222;Gesundes Fr\u00fchst\u00fcck&#8220; wurde bereits im Januar die Klasse 6a in die Welt der ausgewogenen Ern\u00e4hrung eingef\u00fchrt. Ein einf\u00fchrendes Gespr\u00e4ch betonte die Bedeutung von Gesundheit,&hellip;","_links":{"self":[{"href":"https:\/\/schulen-colditz.de\/oberschule\/wp-json\/wp\/v2\/posts\/2048","targetHints":{"allow":["GET"]}}],"collection":[{"href":"https:\/\/schulen-colditz.de\/oberschule\/wp-json\/wp\/v2\/posts"}],"about":[{"href":"https:\/\/schulen-colditz.de\/oberschule\/wp-json\/wp\/v2\/types\/post"}],"author":[{"embeddable":true,"href":"https:\/\/schulen-colditz.de\/oberschule\/wp-json\/wp\/v2\/users\/4"}],"replies":[{"embeddable":true,"href":"https:\/\/schulen-colditz.de\/oberschule\/wp-json\/wp\/v2\/comments?post=2048"}],"version-history":[{"count":0,"href":"https:\/\/schulen-colditz.de\/oberschule\/wp-json\/wp\/v2\/posts\/2048\/revisions"}],"wp:featuredmedia":[{"embeddable":true,"href":"https:\/\/schulen-colditz.de\/oberschule\/wp-json\/wp\/v2\/media\/2053"}],"wp:attachment":[{"href":"https:\/\/schulen-colditz.de\/oberschule\/wp-json\/wp\/v2\/media?parent=2048"}],"wp:term":[{"taxonomy":"category","embeddable":true,"href":"https:\/\/schulen-colditz.de\/oberschule\/wp-json\/wp\/v2\/categories?post=2048"},{"taxonomy":"post_tag","embeddable":true,"href":"https:\/\/schulen-colditz.de\/oberschule\/wp-json\/wp\/v2\/tags?post=2048"}],"curies":[{"name":"wp","href":"https:\/\/api.w.org\/{rel}","templated":true}]}}