{"id":2037,"date":"2024-02-10T08:34:44","date_gmt":"2024-02-10T07:34:44","guid":{"rendered":"https:\/\/schulen-colditz.de\/oberschule\/?p=2037"},"modified":"2024-02-10T08:37:04","modified_gmt":"2024-02-10T07:37:04","slug":"2037-2","status":"publish","type":"post","link":"https:\/\/schulen-colditz.de\/oberschule\/2037-2\/","title":{"rendered":"Sophiensch\u00fcler auf Medaillenjagd"},"content":{"rendered":"\n<div class=\"wp-block-uagb-container uagb-block-30ce16c8 alignfull uagb-is-root-container\"><div class=\"uagb-container-inner-blocks-wrap\">\n<p class=\"wp-block-paragraph\">Ein super Ergebnis erreichten die Volleyballer der Klassenstufe 5-7 beim Wettkampf \u201eJugend trainiert f\u00fcr Olympia\u201c. Schon kurz vor Weihnachten setzten Jasmin Modes, Florian Otto, Tim Vetter, Nils Radetzki, Jakob Petzold und Daniel Rezende Pedro ein Achtungszeichen und qualifizierten sich in Wurzen ganz klar f\u00fcr das Regionalfinale, welches am 06.02.2024 in Engelsdorf stattfand. Hier trafen sie auf die Gewinner der anderen Regionen: Leipziger Land, Torgau\/Delitzsch\/Eilenburg und Leipzig.In ihren ersten beiden Spielen gegen das Gymnasium \u201eAm Breiten Teich\u201c Borna und das Ch.-Gottfried-Ehrenberg-Gymnasium Delitzsch gingen die Sophiensch\u00fcler als Sieger hervor. Nun kam es zu einem wahren Finale, da auch das Kant Gymnasium alle Spiele gewonnen hatte. Nach zwei denkbar knappen S\u00e4tzen (20:25; 25:27) entschied das Leipziger Gymnasium das Finale f\u00fcr sich. Auch wenn die Entt\u00e4uschung im ersten Moment in den Gesichtern zu sehen war, sind wir stolz auf unser Team und gratulieren ganz herzlich zur Silbermedaille. Ein besonderes Dankesch\u00f6n m\u00f6chten wir an die DJK richten, die alle Spieler dieser Mannschaft trainiert und vor allem an Herrn Rene Otto, der die Sch\u00fcler begleitete und sie w\u00e4hrend der beiden Turniere betreute.<\/p>\n\n\n\n<p class=\"wp-block-paragraph\">Andrea Dietrich (Fachschaft Sport)<\/p>\n<\/div><\/div>\n\n\n\n<figure class=\"wp-block-gallery has-nested-images columns-default is-cropped wp-block-gallery-1 is-layout-flex wp-block-gallery-is-layout-flex\">\n<figure class=\"wp-block-image size-large\"><img loading=\"lazy\" decoding=\"async\" width=\"522\" height=\"408\" data-id=\"2042\" src=\"https:\/\/schulen-colditz.de\/oberschule\/wp-content\/uploads\/sites\/2\/2024\/02\/IMG-20231213-WA0000-1-522x408.jpg\" alt=\"\" class=\"wp-image-2042\" srcset=\"https:\/\/schulen-colditz.de\/oberschule\/wp-content\/uploads\/sites\/2\/2024\/02\/IMG-20231213-WA0000-1-522x408.jpg 522w, https:\/\/schulen-colditz.de\/oberschule\/wp-content\/uploads\/sites\/2\/2024\/02\/IMG-20231213-WA0000-1-300x235.jpg 300w, https:\/\/schulen-colditz.de\/oberschule\/wp-content\/uploads\/sites\/2\/2024\/02\/IMG-20231213-WA0000-1-768x601.jpg 768w, https:\/\/schulen-colditz.de\/oberschule\/wp-content\/uploads\/sites\/2\/2024\/02\/IMG-20231213-WA0000-1-540x422.jpg 540w, https:\/\/schulen-colditz.de\/oberschule\/wp-content\/uploads\/sites\/2\/2024\/02\/IMG-20231213-WA0000-1-1080x845.jpg 1080w, https:\/\/schulen-colditz.de\/oberschule\/wp-content\/uploads\/sites\/2\/2024\/02\/IMG-20231213-WA0000-1.jpg 1493w\" sizes=\"auto, (max-width: 522px) 100vw, 522px\" \/><\/figure>\n\n\n\n<figure class=\"wp-block-image size-large\"><img loading=\"lazy\" decoding=\"async\" width=\"544\" height=\"306\" data-id=\"2043\" src=\"https:\/\/schulen-colditz.de\/oberschule\/wp-content\/uploads\/sites\/2\/2024\/02\/IMG-20231213-WA0009-1-544x306.jpg\" alt=\"\" class=\"wp-image-2043\" srcset=\"https:\/\/schulen-colditz.de\/oberschule\/wp-content\/uploads\/sites\/2\/2024\/02\/IMG-20231213-WA0009-1-544x306.jpg 544w, https:\/\/schulen-colditz.de\/oberschule\/wp-content\/uploads\/sites\/2\/2024\/02\/IMG-20231213-WA0009-1-300x169.jpg 300w, https:\/\/schulen-colditz.de\/oberschule\/wp-content\/uploads\/sites\/2\/2024\/02\/IMG-20231213-WA0009-1-768x432.jpg 768w, https:\/\/schulen-colditz.de\/oberschule\/wp-content\/uploads\/sites\/2\/2024\/02\/IMG-20231213-WA0009-1-1536x865.jpg 1536w, https:\/\/schulen-colditz.de\/oberschule\/wp-content\/uploads\/sites\/2\/2024\/02\/IMG-20231213-WA0009-1-2048x1153.jpg 2048w, https:\/\/schulen-colditz.de\/oberschule\/wp-content\/uploads\/sites\/2\/2024\/02\/IMG-20231213-WA0009-1-540x304.jpg 540w, https:\/\/schulen-colditz.de\/oberschule\/wp-content\/uploads\/sites\/2\/2024\/02\/IMG-20231213-WA0009-1-1080x608.jpg 1080w, https:\/\/schulen-colditz.de\/oberschule\/wp-content\/uploads\/sites\/2\/2024\/02\/IMG-20231213-WA0009-1-1980x1115.jpg 1980w\" sizes=\"auto, (max-width: 544px) 100vw, 544px\" \/><\/figure>\n<\/figure>\n","protected":false},"excerpt":{"rendered":"<p>Ein super Ergebnis erreichten die Volleyballer der Klassenstufe 5-7 beim Wettkampf \u201eJugend trainiert f\u00fcr Olympia\u201c. Schon kurz vor Weihnachten setzten Jasmin Modes, Florian Otto, Tim Vetter, Nils Radetzki,&hellip;<\/p>\n","protected":false},"author":4,"featured_media":2038,"comment_status":"closed","ping_status":"closed","sticky":false,"template":"template-full-width.php","format":"standard","meta":{"_crdt_document":"","inline_featured_image":false,"_uag_custom_page_level_css":"","pgc_sgb_lightbox_settings":"","footnotes":""},"categories":[1],"tags":[],"class_list":["post-2037","post","type-post","status-publish","format-standard","has-post-thumbnail","hentry","category-allgemein"],"yoast_head":"<!-- This site is optimized with the Yoast SEO plugin v27.5 - https:\/\/yoast.com\/product\/yoast-seo-wordpress\/ -->\n<title>Sophiensch\u00fcler auf Medaillenjagd - Oberschule Colditz<\/title>\n<meta name=\"robots\" content=\"index, follow, max-snippet:-1, max-image-preview:large, max-video-preview:-1\" \/>\n<link rel=\"canonical\" href=\"https:\/\/schulen-colditz.de\/oberschule\/2037-2\/\" \/>\n<meta property=\"og:locale\" content=\"de_DE\" \/>\n<meta property=\"og:type\" content=\"article\" \/>\n<meta property=\"og:title\" content=\"Sophiensch\u00fcler auf Medaillenjagd - Oberschule Colditz\" \/>\n<meta property=\"og:description\" content=\"Ein super Ergebnis erreichten die Volleyballer der Klassenstufe 5-7 beim Wettkampf \u201eJugend trainiert f\u00fcr Olympia\u201c. Schon kurz vor Weihnachten setzten Jasmin Modes, Florian Otto, Tim Vetter, Nils Radetzki,&hellip;\" \/>\n<meta property=\"og:url\" content=\"https:\/\/schulen-colditz.de\/oberschule\/2037-2\/\" \/>\n<meta property=\"og:site_name\" content=\"Oberschule Colditz\" \/>\n<meta property=\"article:published_time\" content=\"2024-02-10T07:34:44+00:00\" \/>\n<meta property=\"article:modified_time\" content=\"2024-02-10T07:37:04+00:00\" \/>\n<meta property=\"og:image\" content=\"https:\/\/schulen-colditz.de\/oberschule\/wp-content\/uploads\/sites\/2\/2024\/02\/Olympia_A.jpg\" \/>\n\t<meta property=\"og:image:width\" content=\"697\" \/>\n\t<meta property=\"og:image:height\" content=\"495\" \/>\n\t<meta property=\"og:image:type\" content=\"image\/jpeg\" \/>\n<meta name=\"author\" content=\"wasner\" \/>\n<meta name=\"twitter:card\" content=\"summary_large_image\" \/>\n<meta name=\"twitter:label1\" content=\"Verfasst von\" \/>\n\t<meta name=\"twitter:data1\" content=\"wasner\" \/>\n\t<meta name=\"twitter:label2\" content=\"Gesch\u00e4tzte Lesezeit\" \/>\n\t<meta name=\"twitter:data2\" content=\"2\u00a0Minuten\" \/>\n<script type=\"application\/ld+json\" class=\"yoast-schema-graph\">{\"@context\":\"https:\\\/\\\/schema.org\",\"@graph\":[{\"@type\":\"Article\",\"@id\":\"https:\\\/\\\/schulen-colditz.de\\\/oberschule\\\/2037-2\\\/#article\",\"isPartOf\":{\"@id\":\"https:\\\/\\\/schulen-colditz.de\\\/oberschule\\\/2037-2\\\/\"},\"author\":{\"name\":\"wasner\",\"@id\":\"https:\\\/\\\/schulen-colditz.de\\\/oberschule\\\/#\\\/schema\\\/person\\\/9d8536c285c01e908653542c8afe029d\"},\"headline\":\"Sophiensch\u00fcler auf Medaillenjagd\",\"datePublished\":\"2024-02-10T07:34:44+00:00\",\"dateModified\":\"2024-02-10T07:37:04+00:00\",\"mainEntityOfPage\":{\"@id\":\"https:\\\/\\\/schulen-colditz.de\\\/oberschule\\\/2037-2\\\/\"},\"wordCount\":195,\"publisher\":{\"@id\":\"https:\\\/\\\/schulen-colditz.de\\\/oberschule\\\/#organization\"},\"image\":{\"@id\":\"https:\\\/\\\/schulen-colditz.de\\\/oberschule\\\/2037-2\\\/#primaryimage\"},\"thumbnailUrl\":\"https:\\\/\\\/schulen-colditz.de\\\/oberschule\\\/wp-content\\\/uploads\\\/sites\\\/2\\\/2024\\\/02\\\/Olympia_A.jpg\",\"inLanguage\":\"de\"},{\"@type\":\"WebPage\",\"@id\":\"https:\\\/\\\/schulen-colditz.de\\\/oberschule\\\/2037-2\\\/\",\"url\":\"https:\\\/\\\/schulen-colditz.de\\\/oberschule\\\/2037-2\\\/\",\"name\":\"Sophiensch\u00fcler auf Medaillenjagd - Oberschule Colditz\",\"isPartOf\":{\"@id\":\"https:\\\/\\\/schulen-colditz.de\\\/oberschule\\\/#website\"},\"primaryImageOfPage\":{\"@id\":\"https:\\\/\\\/schulen-colditz.de\\\/oberschule\\\/2037-2\\\/#primaryimage\"},\"image\":{\"@id\":\"https:\\\/\\\/schulen-colditz.de\\\/oberschule\\\/2037-2\\\/#primaryimage\"},\"thumbnailUrl\":\"https:\\\/\\\/schulen-colditz.de\\\/oberschule\\\/wp-content\\\/uploads\\\/sites\\\/2\\\/2024\\\/02\\\/Olympia_A.jpg\",\"datePublished\":\"2024-02-10T07:34:44+00:00\",\"dateModified\":\"2024-02-10T07:37:04+00:00\",\"breadcrumb\":{\"@id\":\"https:\\\/\\\/schulen-colditz.de\\\/oberschule\\\/2037-2\\\/#breadcrumb\"},\"inLanguage\":\"de\",\"potentialAction\":[{\"@type\":\"ReadAction\",\"target\":[\"https:\\\/\\\/schulen-colditz.de\\\/oberschule\\\/2037-2\\\/\"]}]},{\"@type\":\"ImageObject\",\"inLanguage\":\"de\",\"@id\":\"https:\\\/\\\/schulen-colditz.de\\\/oberschule\\\/2037-2\\\/#primaryimage\",\"url\":\"https:\\\/\\\/schulen-colditz.de\\\/oberschule\\\/wp-content\\\/uploads\\\/sites\\\/2\\\/2024\\\/02\\\/Olympia_A.jpg\",\"contentUrl\":\"https:\\\/\\\/schulen-colditz.de\\\/oberschule\\\/wp-content\\\/uploads\\\/sites\\\/2\\\/2024\\\/02\\\/Olympia_A.jpg\",\"width\":697,\"height\":495},{\"@type\":\"BreadcrumbList\",\"@id\":\"https:\\\/\\\/schulen-colditz.de\\\/oberschule\\\/2037-2\\\/#breadcrumb\",\"itemListElement\":[{\"@type\":\"ListItem\",\"position\":1,\"name\":\"Startseite\",\"item\":\"https:\\\/\\\/schulen-colditz.de\\\/oberschule\\\/\"},{\"@type\":\"ListItem\",\"position\":2,\"name\":\"Sophiensch\u00fcler auf Medaillenjagd\"}]},{\"@type\":\"WebSite\",\"@id\":\"https:\\\/\\\/schulen-colditz.de\\\/oberschule\\\/#website\",\"url\":\"https:\\\/\\\/schulen-colditz.de\\\/oberschule\\\/\",\"name\":\"Oberschule Colditz\",\"description\":\"Hier erfahren Sie alles \u00fcber die Ooberschule Colditz\",\"publisher\":{\"@id\":\"https:\\\/\\\/schulen-colditz.de\\\/oberschule\\\/#organization\"},\"potentialAction\":[{\"@type\":\"SearchAction\",\"target\":{\"@type\":\"EntryPoint\",\"urlTemplate\":\"https:\\\/\\\/schulen-colditz.de\\\/oberschule\\\/?s={search_term_string}\"},\"query-input\":{\"@type\":\"PropertyValueSpecification\",\"valueRequired\":true,\"valueName\":\"search_term_string\"}}],\"inLanguage\":\"de\"},{\"@type\":\"Organization\",\"@id\":\"https:\\\/\\\/schulen-colditz.de\\\/oberschule\\\/#organization\",\"name\":\"Oberschule Colditz\",\"url\":\"https:\\\/\\\/schulen-colditz.de\\\/oberschule\\\/\",\"logo\":{\"@type\":\"ImageObject\",\"inLanguage\":\"de\",\"@id\":\"https:\\\/\\\/schulen-colditz.de\\\/oberschule\\\/#\\\/schema\\\/logo\\\/image\\\/\",\"url\":\"https:\\\/\\\/schulen-colditz.de\\\/oberschule\\\/wp-content\\\/uploads\\\/sites\\\/2\\\/2019\\\/08\\\/cropped-logo-oberschule-1.png\",\"contentUrl\":\"https:\\\/\\\/schulen-colditz.de\\\/oberschule\\\/wp-content\\\/uploads\\\/sites\\\/2\\\/2019\\\/08\\\/cropped-logo-oberschule-1.png\",\"width\":6815,\"height\":1405,\"caption\":\"Oberschule Colditz\"},\"image\":{\"@id\":\"https:\\\/\\\/schulen-colditz.de\\\/oberschule\\\/#\\\/schema\\\/logo\\\/image\\\/\"}},{\"@type\":\"Person\",\"@id\":\"https:\\\/\\\/schulen-colditz.de\\\/oberschule\\\/#\\\/schema\\\/person\\\/9d8536c285c01e908653542c8afe029d\",\"name\":\"wasner\",\"image\":{\"@type\":\"ImageObject\",\"inLanguage\":\"de\",\"@id\":\"https:\\\/\\\/secure.gravatar.com\\\/avatar\\\/e38b5eae3be7a127a47dd6527e93c1816505a98802291c6c161adb0a83eb42cf?s=96&d=mm&r=g\",\"url\":\"https:\\\/\\\/secure.gravatar.com\\\/avatar\\\/e38b5eae3be7a127a47dd6527e93c1816505a98802291c6c161adb0a83eb42cf?s=96&d=mm&r=g\",\"contentUrl\":\"https:\\\/\\\/secure.gravatar.com\\\/avatar\\\/e38b5eae3be7a127a47dd6527e93c1816505a98802291c6c161adb0a83eb42cf?s=96&d=mm&r=g\",\"caption\":\"wasner\"},\"url\":\"https:\\\/\\\/schulen-colditz.de\\\/oberschule\\\/author\\\/wasner\\\/\"}]}<\/script>\n<!-- \/ Yoast SEO plugin. -->","yoast_head_json":{"title":"Sophiensch\u00fcler auf Medaillenjagd - Oberschule Colditz","robots":{"index":"index","follow":"follow","max-snippet":"max-snippet:-1","max-image-preview":"max-image-preview:large","max-video-preview":"max-video-preview:-1"},"canonical":"https:\/\/schulen-colditz.de\/oberschule\/2037-2\/","og_locale":"de_DE","og_type":"article","og_title":"Sophiensch\u00fcler auf Medaillenjagd - Oberschule Colditz","og_description":"Ein super Ergebnis erreichten die Volleyballer der Klassenstufe 5-7 beim Wettkampf \u201eJugend trainiert f\u00fcr Olympia\u201c. Schon kurz vor Weihnachten setzten Jasmin Modes, Florian Otto, Tim Vetter, Nils Radetzki,&hellip;","og_url":"https:\/\/schulen-colditz.de\/oberschule\/2037-2\/","og_site_name":"Oberschule Colditz","article_published_time":"2024-02-10T07:34:44+00:00","article_modified_time":"2024-02-10T07:37:04+00:00","og_image":[{"width":697,"height":495,"url":"https:\/\/schulen-colditz.de\/oberschule\/wp-content\/uploads\/sites\/2\/2024\/02\/Olympia_A.jpg","type":"image\/jpeg"}],"author":"wasner","twitter_card":"summary_large_image","twitter_misc":{"Verfasst von":"wasner","Gesch\u00e4tzte Lesezeit":"2\u00a0Minuten"},"schema":{"@context":"https:\/\/schema.org","@graph":[{"@type":"Article","@id":"https:\/\/schulen-colditz.de\/oberschule\/2037-2\/#article","isPartOf":{"@id":"https:\/\/schulen-colditz.de\/oberschule\/2037-2\/"},"author":{"name":"wasner","@id":"https:\/\/schulen-colditz.de\/oberschule\/#\/schema\/person\/9d8536c285c01e908653542c8afe029d"},"headline":"Sophiensch\u00fcler auf Medaillenjagd","datePublished":"2024-02-10T07:34:44+00:00","dateModified":"2024-02-10T07:37:04+00:00","mainEntityOfPage":{"@id":"https:\/\/schulen-colditz.de\/oberschule\/2037-2\/"},"wordCount":195,"publisher":{"@id":"https:\/\/schulen-colditz.de\/oberschule\/#organization"},"image":{"@id":"https:\/\/schulen-colditz.de\/oberschule\/2037-2\/#primaryimage"},"thumbnailUrl":"https:\/\/schulen-colditz.de\/oberschule\/wp-content\/uploads\/sites\/2\/2024\/02\/Olympia_A.jpg","inLanguage":"de"},{"@type":"WebPage","@id":"https:\/\/schulen-colditz.de\/oberschule\/2037-2\/","url":"https:\/\/schulen-colditz.de\/oberschule\/2037-2\/","name":"Sophiensch\u00fcler auf Medaillenjagd - Oberschule Colditz","isPartOf":{"@id":"https:\/\/schulen-colditz.de\/oberschule\/#website"},"primaryImageOfPage":{"@id":"https:\/\/schulen-colditz.de\/oberschule\/2037-2\/#primaryimage"},"image":{"@id":"https:\/\/schulen-colditz.de\/oberschule\/2037-2\/#primaryimage"},"thumbnailUrl":"https:\/\/schulen-colditz.de\/oberschule\/wp-content\/uploads\/sites\/2\/2024\/02\/Olympia_A.jpg","datePublished":"2024-02-10T07:34:44+00:00","dateModified":"2024-02-10T07:37:04+00:00","breadcrumb":{"@id":"https:\/\/schulen-colditz.de\/oberschule\/2037-2\/#breadcrumb"},"inLanguage":"de","potentialAction":[{"@type":"ReadAction","target":["https:\/\/schulen-colditz.de\/oberschule\/2037-2\/"]}]},{"@type":"ImageObject","inLanguage":"de","@id":"https:\/\/schulen-colditz.de\/oberschule\/2037-2\/#primaryimage","url":"https:\/\/schulen-colditz.de\/oberschule\/wp-content\/uploads\/sites\/2\/2024\/02\/Olympia_A.jpg","contentUrl":"https:\/\/schulen-colditz.de\/oberschule\/wp-content\/uploads\/sites\/2\/2024\/02\/Olympia_A.jpg","width":697,"height":495},{"@type":"BreadcrumbList","@id":"https:\/\/schulen-colditz.de\/oberschule\/2037-2\/#breadcrumb","itemListElement":[{"@type":"ListItem","position":1,"name":"Startseite","item":"https:\/\/schulen-colditz.de\/oberschule\/"},{"@type":"ListItem","position":2,"name":"Sophiensch\u00fcler auf Medaillenjagd"}]},{"@type":"WebSite","@id":"https:\/\/schulen-colditz.de\/oberschule\/#website","url":"https:\/\/schulen-colditz.de\/oberschule\/","name":"Oberschule Colditz","description":"Hier erfahren Sie alles \u00fcber die Ooberschule Colditz","publisher":{"@id":"https:\/\/schulen-colditz.de\/oberschule\/#organization"},"potentialAction":[{"@type":"SearchAction","target":{"@type":"EntryPoint","urlTemplate":"https:\/\/schulen-colditz.de\/oberschule\/?s={search_term_string}"},"query-input":{"@type":"PropertyValueSpecification","valueRequired":true,"valueName":"search_term_string"}}],"inLanguage":"de"},{"@type":"Organization","@id":"https:\/\/schulen-colditz.de\/oberschule\/#organization","name":"Oberschule Colditz","url":"https:\/\/schulen-colditz.de\/oberschule\/","logo":{"@type":"ImageObject","inLanguage":"de","@id":"https:\/\/schulen-colditz.de\/oberschule\/#\/schema\/logo\/image\/","url":"https:\/\/schulen-colditz.de\/oberschule\/wp-content\/uploads\/sites\/2\/2019\/08\/cropped-logo-oberschule-1.png","contentUrl":"https:\/\/schulen-colditz.de\/oberschule\/wp-content\/uploads\/sites\/2\/2019\/08\/cropped-logo-oberschule-1.png","width":6815,"height":1405,"caption":"Oberschule Colditz"},"image":{"@id":"https:\/\/schulen-colditz.de\/oberschule\/#\/schema\/logo\/image\/"}},{"@type":"Person","@id":"https:\/\/schulen-colditz.de\/oberschule\/#\/schema\/person\/9d8536c285c01e908653542c8afe029d","name":"wasner","image":{"@type":"ImageObject","inLanguage":"de","@id":"https:\/\/secure.gravatar.com\/avatar\/e38b5eae3be7a127a47dd6527e93c1816505a98802291c6c161adb0a83eb42cf?s=96&d=mm&r=g","url":"https:\/\/secure.gravatar.com\/avatar\/e38b5eae3be7a127a47dd6527e93c1816505a98802291c6c161adb0a83eb42cf?s=96&d=mm&r=g","contentUrl":"https:\/\/secure.gravatar.com\/avatar\/e38b5eae3be7a127a47dd6527e93c1816505a98802291c6c161adb0a83eb42cf?s=96&d=mm&r=g","caption":"wasner"},"url":"https:\/\/schulen-colditz.de\/oberschule\/author\/wasner\/"}]}},"uagb_featured_image_src":{"full":["https:\/\/schulen-colditz.de\/oberschule\/wp-content\/uploads\/sites\/2\/2024\/02\/Olympia_A.jpg",697,495,false],"thumbnail":["https:\/\/schulen-colditz.de\/oberschule\/wp-content\/uploads\/sites\/2\/2024\/02\/Olympia_A-150x150.jpg",150,150,true],"medium":["https:\/\/schulen-colditz.de\/oberschule\/wp-content\/uploads\/sites\/2\/2024\/02\/Olympia_A-300x213.jpg",300,213,true],"medium_large":["https:\/\/schulen-colditz.de\/oberschule\/wp-content\/uploads\/sites\/2\/2024\/02\/Olympia_A.jpg",580,412,false],"large":["https:\/\/schulen-colditz.de\/oberschule\/wp-content\/uploads\/sites\/2\/2024\/02\/Olympia_A-544x386.jpg",544,386,true],"1536x1536":["https:\/\/schulen-colditz.de\/oberschule\/wp-content\/uploads\/sites\/2\/2024\/02\/Olympia_A.jpg",697,495,false],"2048x2048":["https:\/\/schulen-colditz.de\/oberschule\/wp-content\/uploads\/sites\/2\/2024\/02\/Olympia_A.jpg",697,495,false],"post-thumbnail":["https:\/\/schulen-colditz.de\/oberschule\/wp-content\/uploads\/sites\/2\/2024\/02\/Olympia_A.jpg",697,495,false],"chaplin_preview_image_low_resolution":["https:\/\/schulen-colditz.de\/oberschule\/wp-content\/uploads\/sites\/2\/2024\/02\/Olympia_A-540x384.jpg",540,384,true],"chaplin_preview_image_high_resolution":["https:\/\/schulen-colditz.de\/oberschule\/wp-content\/uploads\/sites\/2\/2024\/02\/Olympia_A.jpg",697,495,false],"chaplin_fullscreen":["https:\/\/schulen-colditz.de\/oberschule\/wp-content\/uploads\/sites\/2\/2024\/02\/Olympia_A.jpg",697,495,false],"400x250-crop":["https:\/\/schulen-colditz.de\/oberschule\/wp-content\/uploads\/sites\/2\/2024\/02\/Olympia_A-400x250.jpg",400,250,true]},"uagb_author_info":{"display_name":"wasner","author_link":"https:\/\/schulen-colditz.de\/oberschule\/author\/wasner\/"},"uagb_comment_info":0,"uagb_excerpt":"Ein super Ergebnis erreichten die Volleyballer der Klassenstufe 5-7 beim Wettkampf \u201eJugend trainiert f\u00fcr Olympia\u201c. Schon kurz vor Weihnachten setzten Jasmin Modes, Florian Otto, Tim Vetter, Nils Radetzki,&hellip;","_links":{"self":[{"href":"https:\/\/schulen-colditz.de\/oberschule\/wp-json\/wp\/v2\/posts\/2037","targetHints":{"allow":["GET"]}}],"collection":[{"href":"https:\/\/schulen-colditz.de\/oberschule\/wp-json\/wp\/v2\/posts"}],"about":[{"href":"https:\/\/schulen-colditz.de\/oberschule\/wp-json\/wp\/v2\/types\/post"}],"author":[{"embeddable":true,"href":"https:\/\/schulen-colditz.de\/oberschule\/wp-json\/wp\/v2\/users\/4"}],"replies":[{"embeddable":true,"href":"https:\/\/schulen-colditz.de\/oberschule\/wp-json\/wp\/v2\/comments?post=2037"}],"version-history":[{"count":0,"href":"https:\/\/schulen-colditz.de\/oberschule\/wp-json\/wp\/v2\/posts\/2037\/revisions"}],"wp:featuredmedia":[{"embeddable":true,"href":"https:\/\/schulen-colditz.de\/oberschule\/wp-json\/wp\/v2\/media\/2038"}],"wp:attachment":[{"href":"https:\/\/schulen-colditz.de\/oberschule\/wp-json\/wp\/v2\/media?parent=2037"}],"wp:term":[{"taxonomy":"category","embeddable":true,"href":"https:\/\/schulen-colditz.de\/oberschule\/wp-json\/wp\/v2\/categories?post=2037"},{"taxonomy":"post_tag","embeddable":true,"href":"https:\/\/schulen-colditz.de\/oberschule\/wp-json\/wp\/v2\/tags?post=2037"}],"curies":[{"name":"wp","href":"https:\/\/api.w.org\/{rel}","templated":true}]}}