{"id":1433,"date":"2022-12-12T12:48:07","date_gmt":"2022-12-12T11:48:07","guid":{"rendered":"https:\/\/schulen-colditz.de\/oberschule\/?p=1433"},"modified":"2022-12-20T13:47:22","modified_gmt":"2022-12-20T12:47:22","slug":"besuch-im-vw-werk-zwickau","status":"publish","type":"post","link":"https:\/\/schulen-colditz.de\/oberschule\/besuch-im-vw-werk-zwickau\/","title":{"rendered":"Besuch im VW-Werk Zwickau"},"content":{"rendered":"<div class=\"postie-post\">Auf zum VW-Werk nach Zwickau machten sich am 8.12.2022 Sch\u00fclerinnen und Sch\u00fcler der 8a und 9a. Nach interessanten Einblicken in Ausbildungsberufe und Aufstiegsm\u00f6glichkeiten bei VW konnten die Klassen hautnah sowohl den Karosseriebau als auch die Montage von ID 3-5, Cupra Born und Audi Q4 e-tron erleben.<\/p>\n<div class=\"postie-attachments\"><a href=\"https:\/\/schulen-colditz.de\/oberschule\/?attachment_id=1434\"><img decoding=\"async\" src=\"https:\/\/schulen-colditz.de\/oberschule\/wp-content\/uploads\/sites\/2\/2022\/12\/image001-300x213.jpg\" alt=\"\" width=\"300px\" height=\"213px\" class=\"alignnone size-medium wp-image-1434\" srcset=\"https:\/\/schulen-colditz.de\/oberschule\/wp-content\/uploads\/sites\/2\/2022\/12\/image001-300x213.jpg 300w, https:\/\/schulen-colditz.de\/oberschule\/wp-content\/uploads\/sites\/2\/2022\/12\/image001-544x387.jpg 544w, https:\/\/schulen-colditz.de\/oberschule\/wp-content\/uploads\/sites\/2\/2022\/12\/image001-768x546.jpg 768w, https:\/\/schulen-colditz.de\/oberschule\/wp-content\/uploads\/sites\/2\/2022\/12\/image001-540x384.jpg 540w, https:\/\/schulen-colditz.de\/oberschule\/wp-content\/uploads\/sites\/2\/2022\/12\/image001.jpg 846w\" sizes=\"(max-width: 300px) 100vw, 300px\" \/><\/a><\/div>\n<\/div>\n","protected":false},"excerpt":{"rendered":"<p>Auf zum VW-Werk nach Zwickau machten sich am 8.12.2022 Sch\u00fclerinnen und Sch\u00fcler der 8a und 9a. Nach interessanten Einblicken in Ausbildungsberufe und Aufstiegsm\u00f6glichkeiten bei VW konnten die Klassen&hellip;<\/p>\n","protected":false},"author":4,"featured_media":1434,"comment_status":"closed","ping_status":"closed","sticky":false,"template":"","format":"standard","meta":{"_crdt_document":"","inline_featured_image":false,"_uag_custom_page_level_css":"","pgc_sgb_lightbox_settings":"","footnotes":""},"categories":[1],"tags":[],"class_list":["post-1433","post","type-post","status-publish","format-standard","has-post-thumbnail","hentry","category-allgemein"],"yoast_head":"<!-- This site is optimized with the Yoast SEO plugin v27.4 - https:\/\/yoast.com\/product\/yoast-seo-wordpress\/ -->\n<title>Besuch im VW-Werk Zwickau - Oberschule Colditz<\/title>\n<meta name=\"robots\" content=\"index, follow, max-snippet:-1, max-image-preview:large, max-video-preview:-1\" \/>\n<link rel=\"canonical\" href=\"https:\/\/schulen-colditz.de\/oberschule\/besuch-im-vw-werk-zwickau\/\" \/>\n<meta property=\"og:locale\" content=\"de_DE\" \/>\n<meta property=\"og:type\" content=\"article\" \/>\n<meta property=\"og:title\" content=\"Besuch im VW-Werk Zwickau - Oberschule Colditz\" \/>\n<meta property=\"og:description\" content=\"Auf zum VW-Werk nach Zwickau machten sich am 8.12.2022 Sch\u00fclerinnen und Sch\u00fcler der 8a und 9a. Nach interessanten Einblicken in Ausbildungsberufe und Aufstiegsm\u00f6glichkeiten bei VW konnten die Klassen&hellip;\" \/>\n<meta property=\"og:url\" content=\"https:\/\/schulen-colditz.de\/oberschule\/besuch-im-vw-werk-zwickau\/\" \/>\n<meta property=\"og:site_name\" content=\"Oberschule Colditz\" \/>\n<meta property=\"article:published_time\" content=\"2022-12-12T11:48:07+00:00\" \/>\n<meta property=\"article:modified_time\" content=\"2022-12-20T12:47:22+00:00\" \/>\n<meta property=\"og:image\" content=\"https:\/\/schulen-colditz.de\/oberschule\/wp-content\/uploads\/sites\/2\/2022\/12\/image001.jpg\" \/>\n\t<meta property=\"og:image:width\" content=\"846\" \/>\n\t<meta property=\"og:image:height\" content=\"602\" \/>\n\t<meta property=\"og:image:type\" content=\"image\/jpeg\" \/>\n<meta name=\"author\" content=\"wasner\" \/>\n<meta name=\"twitter:card\" content=\"summary_large_image\" \/>\n<meta name=\"twitter:label1\" content=\"Verfasst von\" \/>\n\t<meta name=\"twitter:data1\" content=\"wasner\" \/>\n\t<meta name=\"twitter:label2\" content=\"Gesch\u00e4tzte Lesezeit\" \/>\n\t<meta name=\"twitter:data2\" content=\"1\u00a0Minute\" \/>\n<script type=\"application\/ld+json\" class=\"yoast-schema-graph\">{\"@context\":\"https:\\\/\\\/schema.org\",\"@graph\":[{\"@type\":\"Article\",\"@id\":\"https:\\\/\\\/schulen-colditz.de\\\/oberschule\\\/besuch-im-vw-werk-zwickau\\\/#article\",\"isPartOf\":{\"@id\":\"https:\\\/\\\/schulen-colditz.de\\\/oberschule\\\/besuch-im-vw-werk-zwickau\\\/\"},\"author\":{\"name\":\"wasner\",\"@id\":\"https:\\\/\\\/schulen-colditz.de\\\/oberschule\\\/#\\\/schema\\\/person\\\/9d8536c285c01e908653542c8afe029d\"},\"headline\":\"Besuch im VW-Werk Zwickau\",\"datePublished\":\"2022-12-12T11:48:07+00:00\",\"dateModified\":\"2022-12-20T12:47:22+00:00\",\"mainEntityOfPage\":{\"@id\":\"https:\\\/\\\/schulen-colditz.de\\\/oberschule\\\/besuch-im-vw-werk-zwickau\\\/\"},\"wordCount\":52,\"publisher\":{\"@id\":\"https:\\\/\\\/schulen-colditz.de\\\/oberschule\\\/#organization\"},\"image\":{\"@id\":\"https:\\\/\\\/schulen-colditz.de\\\/oberschule\\\/besuch-im-vw-werk-zwickau\\\/#primaryimage\"},\"thumbnailUrl\":\"https:\\\/\\\/schulen-colditz.de\\\/oberschule\\\/wp-content\\\/uploads\\\/sites\\\/2\\\/2022\\\/12\\\/image001.jpg\",\"inLanguage\":\"de\"},{\"@type\":\"WebPage\",\"@id\":\"https:\\\/\\\/schulen-colditz.de\\\/oberschule\\\/besuch-im-vw-werk-zwickau\\\/\",\"url\":\"https:\\\/\\\/schulen-colditz.de\\\/oberschule\\\/besuch-im-vw-werk-zwickau\\\/\",\"name\":\"Besuch im VW-Werk Zwickau - Oberschule Colditz\",\"isPartOf\":{\"@id\":\"https:\\\/\\\/schulen-colditz.de\\\/oberschule\\\/#website\"},\"primaryImageOfPage\":{\"@id\":\"https:\\\/\\\/schulen-colditz.de\\\/oberschule\\\/besuch-im-vw-werk-zwickau\\\/#primaryimage\"},\"image\":{\"@id\":\"https:\\\/\\\/schulen-colditz.de\\\/oberschule\\\/besuch-im-vw-werk-zwickau\\\/#primaryimage\"},\"thumbnailUrl\":\"https:\\\/\\\/schulen-colditz.de\\\/oberschule\\\/wp-content\\\/uploads\\\/sites\\\/2\\\/2022\\\/12\\\/image001.jpg\",\"datePublished\":\"2022-12-12T11:48:07+00:00\",\"dateModified\":\"2022-12-20T12:47:22+00:00\",\"breadcrumb\":{\"@id\":\"https:\\\/\\\/schulen-colditz.de\\\/oberschule\\\/besuch-im-vw-werk-zwickau\\\/#breadcrumb\"},\"inLanguage\":\"de\",\"potentialAction\":[{\"@type\":\"ReadAction\",\"target\":[\"https:\\\/\\\/schulen-colditz.de\\\/oberschule\\\/besuch-im-vw-werk-zwickau\\\/\"]}]},{\"@type\":\"ImageObject\",\"inLanguage\":\"de\",\"@id\":\"https:\\\/\\\/schulen-colditz.de\\\/oberschule\\\/besuch-im-vw-werk-zwickau\\\/#primaryimage\",\"url\":\"https:\\\/\\\/schulen-colditz.de\\\/oberschule\\\/wp-content\\\/uploads\\\/sites\\\/2\\\/2022\\\/12\\\/image001.jpg\",\"contentUrl\":\"https:\\\/\\\/schulen-colditz.de\\\/oberschule\\\/wp-content\\\/uploads\\\/sites\\\/2\\\/2022\\\/12\\\/image001.jpg\",\"width\":846,\"height\":602},{\"@type\":\"BreadcrumbList\",\"@id\":\"https:\\\/\\\/schulen-colditz.de\\\/oberschule\\\/besuch-im-vw-werk-zwickau\\\/#breadcrumb\",\"itemListElement\":[{\"@type\":\"ListItem\",\"position\":1,\"name\":\"Startseite\",\"item\":\"https:\\\/\\\/schulen-colditz.de\\\/oberschule\\\/\"},{\"@type\":\"ListItem\",\"position\":2,\"name\":\"Besuch im VW-Werk Zwickau\"}]},{\"@type\":\"WebSite\",\"@id\":\"https:\\\/\\\/schulen-colditz.de\\\/oberschule\\\/#website\",\"url\":\"https:\\\/\\\/schulen-colditz.de\\\/oberschule\\\/\",\"name\":\"Oberschule Colditz\",\"description\":\"Hier erfahren Sie alles \u00fcber die Ooberschule Colditz\",\"publisher\":{\"@id\":\"https:\\\/\\\/schulen-colditz.de\\\/oberschule\\\/#organization\"},\"potentialAction\":[{\"@type\":\"SearchAction\",\"target\":{\"@type\":\"EntryPoint\",\"urlTemplate\":\"https:\\\/\\\/schulen-colditz.de\\\/oberschule\\\/?s={search_term_string}\"},\"query-input\":{\"@type\":\"PropertyValueSpecification\",\"valueRequired\":true,\"valueName\":\"search_term_string\"}}],\"inLanguage\":\"de\"},{\"@type\":\"Organization\",\"@id\":\"https:\\\/\\\/schulen-colditz.de\\\/oberschule\\\/#organization\",\"name\":\"Oberschule Colditz\",\"url\":\"https:\\\/\\\/schulen-colditz.de\\\/oberschule\\\/\",\"logo\":{\"@type\":\"ImageObject\",\"inLanguage\":\"de\",\"@id\":\"https:\\\/\\\/schulen-colditz.de\\\/oberschule\\\/#\\\/schema\\\/logo\\\/image\\\/\",\"url\":\"https:\\\/\\\/schulen-colditz.de\\\/oberschule\\\/wp-content\\\/uploads\\\/sites\\\/2\\\/2019\\\/08\\\/cropped-logo-oberschule-1.png\",\"contentUrl\":\"https:\\\/\\\/schulen-colditz.de\\\/oberschule\\\/wp-content\\\/uploads\\\/sites\\\/2\\\/2019\\\/08\\\/cropped-logo-oberschule-1.png\",\"width\":6815,\"height\":1405,\"caption\":\"Oberschule Colditz\"},\"image\":{\"@id\":\"https:\\\/\\\/schulen-colditz.de\\\/oberschule\\\/#\\\/schema\\\/logo\\\/image\\\/\"}},{\"@type\":\"Person\",\"@id\":\"https:\\\/\\\/schulen-colditz.de\\\/oberschule\\\/#\\\/schema\\\/person\\\/9d8536c285c01e908653542c8afe029d\",\"name\":\"wasner\",\"image\":{\"@type\":\"ImageObject\",\"inLanguage\":\"de\",\"@id\":\"https:\\\/\\\/secure.gravatar.com\\\/avatar\\\/e38b5eae3be7a127a47dd6527e93c1816505a98802291c6c161adb0a83eb42cf?s=96&d=mm&r=g\",\"url\":\"https:\\\/\\\/secure.gravatar.com\\\/avatar\\\/e38b5eae3be7a127a47dd6527e93c1816505a98802291c6c161adb0a83eb42cf?s=96&d=mm&r=g\",\"contentUrl\":\"https:\\\/\\\/secure.gravatar.com\\\/avatar\\\/e38b5eae3be7a127a47dd6527e93c1816505a98802291c6c161adb0a83eb42cf?s=96&d=mm&r=g\",\"caption\":\"wasner\"},\"url\":\"https:\\\/\\\/schulen-colditz.de\\\/oberschule\\\/author\\\/wasner\\\/\"}]}<\/script>\n<!-- \/ Yoast SEO plugin. -->","yoast_head_json":{"title":"Besuch im VW-Werk Zwickau - Oberschule Colditz","robots":{"index":"index","follow":"follow","max-snippet":"max-snippet:-1","max-image-preview":"max-image-preview:large","max-video-preview":"max-video-preview:-1"},"canonical":"https:\/\/schulen-colditz.de\/oberschule\/besuch-im-vw-werk-zwickau\/","og_locale":"de_DE","og_type":"article","og_title":"Besuch im VW-Werk Zwickau - Oberschule Colditz","og_description":"Auf zum VW-Werk nach Zwickau machten sich am 8.12.2022 Sch\u00fclerinnen und Sch\u00fcler der 8a und 9a. Nach interessanten Einblicken in Ausbildungsberufe und Aufstiegsm\u00f6glichkeiten bei VW konnten die Klassen&hellip;","og_url":"https:\/\/schulen-colditz.de\/oberschule\/besuch-im-vw-werk-zwickau\/","og_site_name":"Oberschule Colditz","article_published_time":"2022-12-12T11:48:07+00:00","article_modified_time":"2022-12-20T12:47:22+00:00","og_image":[{"width":846,"height":602,"url":"https:\/\/schulen-colditz.de\/oberschule\/wp-content\/uploads\/sites\/2\/2022\/12\/image001.jpg","type":"image\/jpeg"}],"author":"wasner","twitter_card":"summary_large_image","twitter_misc":{"Verfasst von":"wasner","Gesch\u00e4tzte Lesezeit":"1\u00a0Minute"},"schema":{"@context":"https:\/\/schema.org","@graph":[{"@type":"Article","@id":"https:\/\/schulen-colditz.de\/oberschule\/besuch-im-vw-werk-zwickau\/#article","isPartOf":{"@id":"https:\/\/schulen-colditz.de\/oberschule\/besuch-im-vw-werk-zwickau\/"},"author":{"name":"wasner","@id":"https:\/\/schulen-colditz.de\/oberschule\/#\/schema\/person\/9d8536c285c01e908653542c8afe029d"},"headline":"Besuch im VW-Werk Zwickau","datePublished":"2022-12-12T11:48:07+00:00","dateModified":"2022-12-20T12:47:22+00:00","mainEntityOfPage":{"@id":"https:\/\/schulen-colditz.de\/oberschule\/besuch-im-vw-werk-zwickau\/"},"wordCount":52,"publisher":{"@id":"https:\/\/schulen-colditz.de\/oberschule\/#organization"},"image":{"@id":"https:\/\/schulen-colditz.de\/oberschule\/besuch-im-vw-werk-zwickau\/#primaryimage"},"thumbnailUrl":"https:\/\/schulen-colditz.de\/oberschule\/wp-content\/uploads\/sites\/2\/2022\/12\/image001.jpg","inLanguage":"de"},{"@type":"WebPage","@id":"https:\/\/schulen-colditz.de\/oberschule\/besuch-im-vw-werk-zwickau\/","url":"https:\/\/schulen-colditz.de\/oberschule\/besuch-im-vw-werk-zwickau\/","name":"Besuch im VW-Werk Zwickau - Oberschule Colditz","isPartOf":{"@id":"https:\/\/schulen-colditz.de\/oberschule\/#website"},"primaryImageOfPage":{"@id":"https:\/\/schulen-colditz.de\/oberschule\/besuch-im-vw-werk-zwickau\/#primaryimage"},"image":{"@id":"https:\/\/schulen-colditz.de\/oberschule\/besuch-im-vw-werk-zwickau\/#primaryimage"},"thumbnailUrl":"https:\/\/schulen-colditz.de\/oberschule\/wp-content\/uploads\/sites\/2\/2022\/12\/image001.jpg","datePublished":"2022-12-12T11:48:07+00:00","dateModified":"2022-12-20T12:47:22+00:00","breadcrumb":{"@id":"https:\/\/schulen-colditz.de\/oberschule\/besuch-im-vw-werk-zwickau\/#breadcrumb"},"inLanguage":"de","potentialAction":[{"@type":"ReadAction","target":["https:\/\/schulen-colditz.de\/oberschule\/besuch-im-vw-werk-zwickau\/"]}]},{"@type":"ImageObject","inLanguage":"de","@id":"https:\/\/schulen-colditz.de\/oberschule\/besuch-im-vw-werk-zwickau\/#primaryimage","url":"https:\/\/schulen-colditz.de\/oberschule\/wp-content\/uploads\/sites\/2\/2022\/12\/image001.jpg","contentUrl":"https:\/\/schulen-colditz.de\/oberschule\/wp-content\/uploads\/sites\/2\/2022\/12\/image001.jpg","width":846,"height":602},{"@type":"BreadcrumbList","@id":"https:\/\/schulen-colditz.de\/oberschule\/besuch-im-vw-werk-zwickau\/#breadcrumb","itemListElement":[{"@type":"ListItem","position":1,"name":"Startseite","item":"https:\/\/schulen-colditz.de\/oberschule\/"},{"@type":"ListItem","position":2,"name":"Besuch im VW-Werk Zwickau"}]},{"@type":"WebSite","@id":"https:\/\/schulen-colditz.de\/oberschule\/#website","url":"https:\/\/schulen-colditz.de\/oberschule\/","name":"Oberschule Colditz","description":"Hier erfahren Sie alles \u00fcber die Ooberschule Colditz","publisher":{"@id":"https:\/\/schulen-colditz.de\/oberschule\/#organization"},"potentialAction":[{"@type":"SearchAction","target":{"@type":"EntryPoint","urlTemplate":"https:\/\/schulen-colditz.de\/oberschule\/?s={search_term_string}"},"query-input":{"@type":"PropertyValueSpecification","valueRequired":true,"valueName":"search_term_string"}}],"inLanguage":"de"},{"@type":"Organization","@id":"https:\/\/schulen-colditz.de\/oberschule\/#organization","name":"Oberschule Colditz","url":"https:\/\/schulen-colditz.de\/oberschule\/","logo":{"@type":"ImageObject","inLanguage":"de","@id":"https:\/\/schulen-colditz.de\/oberschule\/#\/schema\/logo\/image\/","url":"https:\/\/schulen-colditz.de\/oberschule\/wp-content\/uploads\/sites\/2\/2019\/08\/cropped-logo-oberschule-1.png","contentUrl":"https:\/\/schulen-colditz.de\/oberschule\/wp-content\/uploads\/sites\/2\/2019\/08\/cropped-logo-oberschule-1.png","width":6815,"height":1405,"caption":"Oberschule Colditz"},"image":{"@id":"https:\/\/schulen-colditz.de\/oberschule\/#\/schema\/logo\/image\/"}},{"@type":"Person","@id":"https:\/\/schulen-colditz.de\/oberschule\/#\/schema\/person\/9d8536c285c01e908653542c8afe029d","name":"wasner","image":{"@type":"ImageObject","inLanguage":"de","@id":"https:\/\/secure.gravatar.com\/avatar\/e38b5eae3be7a127a47dd6527e93c1816505a98802291c6c161adb0a83eb42cf?s=96&d=mm&r=g","url":"https:\/\/secure.gravatar.com\/avatar\/e38b5eae3be7a127a47dd6527e93c1816505a98802291c6c161adb0a83eb42cf?s=96&d=mm&r=g","contentUrl":"https:\/\/secure.gravatar.com\/avatar\/e38b5eae3be7a127a47dd6527e93c1816505a98802291c6c161adb0a83eb42cf?s=96&d=mm&r=g","caption":"wasner"},"url":"https:\/\/schulen-colditz.de\/oberschule\/author\/wasner\/"}]}},"uagb_featured_image_src":{"full":["https:\/\/schulen-colditz.de\/oberschule\/wp-content\/uploads\/sites\/2\/2022\/12\/image001.jpg",846,602,false],"thumbnail":["https:\/\/schulen-colditz.de\/oberschule\/wp-content\/uploads\/sites\/2\/2022\/12\/image001-150x150.jpg",150,150,true],"medium":["https:\/\/schulen-colditz.de\/oberschule\/wp-content\/uploads\/sites\/2\/2022\/12\/image001-300x213.jpg",300,213,true],"medium_large":["https:\/\/schulen-colditz.de\/oberschule\/wp-content\/uploads\/sites\/2\/2022\/12\/image001-768x546.jpg",580,412,true],"large":["https:\/\/schulen-colditz.de\/oberschule\/wp-content\/uploads\/sites\/2\/2022\/12\/image001-544x387.jpg",544,387,true],"1536x1536":["https:\/\/schulen-colditz.de\/oberschule\/wp-content\/uploads\/sites\/2\/2022\/12\/image001.jpg",846,602,false],"2048x2048":["https:\/\/schulen-colditz.de\/oberschule\/wp-content\/uploads\/sites\/2\/2022\/12\/image001.jpg",846,602,false],"post-thumbnail":["https:\/\/schulen-colditz.de\/oberschule\/wp-content\/uploads\/sites\/2\/2022\/12\/image001.jpg",846,602,false],"chaplin_preview_image_low_resolution":["https:\/\/schulen-colditz.de\/oberschule\/wp-content\/uploads\/sites\/2\/2022\/12\/image001-540x384.jpg",540,384,true],"chaplin_preview_image_high_resolution":["https:\/\/schulen-colditz.de\/oberschule\/wp-content\/uploads\/sites\/2\/2022\/12\/image001.jpg",846,602,false],"chaplin_fullscreen":["https:\/\/schulen-colditz.de\/oberschule\/wp-content\/uploads\/sites\/2\/2022\/12\/image001.jpg",846,602,false],"400x250-crop":["https:\/\/schulen-colditz.de\/oberschule\/wp-content\/uploads\/sites\/2\/2022\/12\/image001.jpg",351,250,false]},"uagb_author_info":{"display_name":"wasner","author_link":"https:\/\/schulen-colditz.de\/oberschule\/author\/wasner\/"},"uagb_comment_info":0,"uagb_excerpt":"Auf zum VW-Werk nach Zwickau machten sich am 8.12.2022 Sch\u00fclerinnen und Sch\u00fcler der 8a und 9a. Nach interessanten Einblicken in Ausbildungsberufe und Aufstiegsm\u00f6glichkeiten bei VW konnten die Klassen&hellip;","_links":{"self":[{"href":"https:\/\/schulen-colditz.de\/oberschule\/wp-json\/wp\/v2\/posts\/1433","targetHints":{"allow":["GET"]}}],"collection":[{"href":"https:\/\/schulen-colditz.de\/oberschule\/wp-json\/wp\/v2\/posts"}],"about":[{"href":"https:\/\/schulen-colditz.de\/oberschule\/wp-json\/wp\/v2\/types\/post"}],"author":[{"embeddable":true,"href":"https:\/\/schulen-colditz.de\/oberschule\/wp-json\/wp\/v2\/users\/4"}],"replies":[{"embeddable":true,"href":"https:\/\/schulen-colditz.de\/oberschule\/wp-json\/wp\/v2\/comments?post=1433"}],"version-history":[{"count":0,"href":"https:\/\/schulen-colditz.de\/oberschule\/wp-json\/wp\/v2\/posts\/1433\/revisions"}],"wp:featuredmedia":[{"embeddable":true,"href":"https:\/\/schulen-colditz.de\/oberschule\/wp-json\/wp\/v2\/media\/1434"}],"wp:attachment":[{"href":"https:\/\/schulen-colditz.de\/oberschule\/wp-json\/wp\/v2\/media?parent=1433"}],"wp:term":[{"taxonomy":"category","embeddable":true,"href":"https:\/\/schulen-colditz.de\/oberschule\/wp-json\/wp\/v2\/categories?post=1433"},{"taxonomy":"post_tag","embeddable":true,"href":"https:\/\/schulen-colditz.de\/oberschule\/wp-json\/wp\/v2\/tags?post=1433"}],"curies":[{"name":"wp","href":"https:\/\/api.w.org\/{rel}","templated":true}]}}