{"id":1343,"date":"2022-06-09T09:47:52","date_gmt":"2022-06-09T07:47:52","guid":{"rendered":"https:\/\/schulen-colditz.de\/oberschule\/?p=1343"},"modified":"2022-06-09T10:53:39","modified_gmt":"2022-06-09T08:53:39","slug":"oberschuelerinnen-besuchen-das-mitmach-projekt-zukunftsgaertnern-in-gnandorf","status":"publish","type":"post","link":"https:\/\/schulen-colditz.de\/oberschule\/oberschuelerinnen-besuchen-das-mitmach-projekt-zukunftsgaertnern-in-gnandorf\/","title":{"rendered":"Obersch\u00fcler*innen besuchen das Mitmach-Projekt &#8222;Zukunftsg\u00e4rtner(n) in Gnandorf&#8220;"},"content":{"rendered":"<div class=\"gb-container gb-container-da1c25f9 alignwide\"><div class=\"gb-inside-container\">\n\n<p class=\"wp-block-paragraph\">Obersch\u00fcler*innen besuchen das Mitmach-Projekt: \u201eZukunftsg\u00e4rtner(n) in Gnandorf\u201c<\/p>\n\n\n\n<p class=\"wp-block-paragraph\"><br>F\u00fcr die Sch\u00fclerinnen und Sch\u00fcler (SuS) des Ganztagsangebotes (GTA) Kochen und des GTA Schulgarten der<br>Oberschule Colditz wurde der 12. Mai zu einem ganz besonderen Erlebnis. Sie durften den Naturschutzbund (NABU)<br>Zukunftsgarten in Borna unter dem Motto \u201eKr\u00e4uterworkshop\u201c besuchen. In idyllischer Runde erfuhren die SuS etwas<br>\u00fcber das \u201eProjekt NABU\u201c, heimische Kr\u00e4uter und deren Wirkung. Jedoch blieb es nicht nur bei einem theoretischen<br>Input. Ganz praktisch konnten sich die SuS in dem herrlichen Garten mit dem Herstellen von Kr\u00e4uterbutter,<br>Kr\u00e4uterquark, Dufts\u00e4ckchen und Kr\u00e4utersalz selbst ausprobieren. Im Anschluss wurden die kulinarischen<br>K\u00f6stlichkeiten in Form eines Picknicks gemeinsam genossen.<\/p>\n\n\n\n<p class=\"wp-block-paragraph\"><br>Da der Ausflug in Kooperation mit der Schulsoziarbeit der Oberschule Colditz (des BSW Muldental e.V.) stattfand<br>sind f\u00fcr E. Domann folgende Themen besonders wichtig: \u201eBei dem Ausflug soll es nicht nur um eine sehr sinnliche<br>und lebensnahe Erfahrung f\u00fcr die SuS gehen. Gemeinsame Erlebnisse schwei\u00dfen zusammen und steigern das<br>Wohlbefinden. Die gegenseitige Unterst\u00fctzung und der Austausch trainieren das Einf\u00fchlungsverm\u00f6gen und unter<br>realen Bedingungen werden soziale Kompetenzen ganz nebenbei trainiert. Diese Werte sind in einer sozialen<br>Gesellschaft Voraussetzung f\u00fcr ein entspanntes Miteinander.\u201c<\/p>\n\n\n\n<p class=\"wp-block-paragraph\"><br>Auch die SuS erlebten den Ausflug als gelungen. So meint Maurice (6. Kl.) \u201eBesonders sch\u00f6n fand ich das Kochen und<br>die Kr\u00e4utersalzherstellung. Und es war spannend f\u00fcr mich zu erfahren, dass es so viele verschiedene Kr\u00e4uter gibt<br>meint, Robin (Kl. 5). \u201eFalls wir wiedermal dahinfahren, komme ich gerne mit\u201c meint Jonas (kl. 5).<\/p>\n\n\n\n<p class=\"wp-block-paragraph\">Einen gro\u00dfen Dank m\u00f6chte Schulsozialarbeiterin Domann allen Unterst\u00fctzern aussprechen, ohne die der Ausflug<br>nicht m\u00f6glich geworden w\u00e4re:<\/p>\n\n\n\n<p class=\"wp-block-paragraph\">-das Bereitstellen von den Kleinbussen vom \u201eL\u00e4ndlichen Leben e.V.\u201c und den PKW des \u201eBSW Muldental e.V.\u201c<br>-die Finanzierung der Zutaten durch den F\u00f6rderverein der Oberschule und der NABU in Kooperation der Stadt Borna<br>und dem Europ\u00e4ischen Sozialfonds<br>-den Transfer der SuS durch die Fahrerinnen Frau Schilde, Frau Marschner und Frau Domann<br>Und nat\u00fcrlich Vera und Kathrin vom NABU Zukunftsgarten Borna<\/p>\n\n<\/div><\/div>","protected":false},"excerpt":{"rendered":"<p>Obersch\u00fcler*innen besuchen das Mitmach-Projekt: \u201eZukunftsg\u00e4rtner(n) in Gnandorf\u201c F\u00fcr die Sch\u00fclerinnen und Sch\u00fcler (SuS) des Ganztagsangebotes (GTA) Kochen und des GTA Schulgarten derOberschule Colditz wurde der 12. Mai zu&hellip;<\/p>\n","protected":false},"author":4,"featured_media":1356,"comment_status":"closed","ping_status":"closed","sticky":false,"template":"","format":"standard","meta":{"_crdt_document":"","inline_featured_image":false,"_uag_custom_page_level_css":"","pgc_sgb_lightbox_settings":"","footnotes":""},"categories":[1],"tags":[],"class_list":["post-1343","post","type-post","status-publish","format-standard","has-post-thumbnail","hentry","category-allgemein"],"yoast_head":"<!-- This site is optimized with the Yoast SEO plugin v27.5 - https:\/\/yoast.com\/product\/yoast-seo-wordpress\/ -->\n<title>Obersch\u00fcler*innen besuchen das Mitmach-Projekt &quot;Zukunftsg\u00e4rtner(n) in Gnandorf&quot; - Oberschule Colditz<\/title>\n<meta name=\"robots\" content=\"index, follow, max-snippet:-1, max-image-preview:large, max-video-preview:-1\" \/>\n<link rel=\"canonical\" href=\"https:\/\/schulen-colditz.de\/oberschule\/oberschuelerinnen-besuchen-das-mitmach-projekt-zukunftsgaertnern-in-gnandorf\/\" \/>\n<meta property=\"og:locale\" content=\"de_DE\" \/>\n<meta property=\"og:type\" content=\"article\" \/>\n<meta property=\"og:title\" content=\"Obersch\u00fcler*innen besuchen das Mitmach-Projekt &quot;Zukunftsg\u00e4rtner(n) in Gnandorf&quot; - Oberschule Colditz\" \/>\n<meta property=\"og:description\" content=\"Obersch\u00fcler*innen besuchen das Mitmach-Projekt: \u201eZukunftsg\u00e4rtner(n) in Gnandorf\u201c F\u00fcr die Sch\u00fclerinnen und Sch\u00fcler (SuS) des Ganztagsangebotes (GTA) Kochen und des GTA Schulgarten derOberschule Colditz wurde der 12. Mai zu&hellip;\" \/>\n<meta property=\"og:url\" content=\"https:\/\/schulen-colditz.de\/oberschule\/oberschuelerinnen-besuchen-das-mitmach-projekt-zukunftsgaertnern-in-gnandorf\/\" \/>\n<meta property=\"og:site_name\" content=\"Oberschule Colditz\" \/>\n<meta property=\"article:published_time\" content=\"2022-06-09T07:47:52+00:00\" \/>\n<meta property=\"article:modified_time\" content=\"2022-06-09T08:53:39+00:00\" \/>\n<meta property=\"og:image\" content=\"https:\/\/schulen-colditz.de\/oberschule\/wp-content\/uploads\/sites\/2\/2022\/06\/Mitmachprojekt.jpg\" \/>\n\t<meta property=\"og:image:width\" content=\"1455\" \/>\n\t<meta property=\"og:image:height\" content=\"922\" \/>\n\t<meta property=\"og:image:type\" content=\"image\/jpeg\" \/>\n<meta name=\"author\" content=\"wasner\" \/>\n<meta name=\"twitter:card\" content=\"summary_large_image\" \/>\n<meta name=\"twitter:label1\" content=\"Verfasst von\" \/>\n\t<meta name=\"twitter:data1\" content=\"wasner\" \/>\n\t<meta name=\"twitter:label2\" content=\"Gesch\u00e4tzte Lesezeit\" \/>\n\t<meta name=\"twitter:data2\" content=\"2\u00a0Minuten\" \/>\n<script type=\"application\/ld+json\" class=\"yoast-schema-graph\">{\"@context\":\"https:\\\/\\\/schema.org\",\"@graph\":[{\"@type\":\"Article\",\"@id\":\"https:\\\/\\\/schulen-colditz.de\\\/oberschule\\\/oberschuelerinnen-besuchen-das-mitmach-projekt-zukunftsgaertnern-in-gnandorf\\\/#article\",\"isPartOf\":{\"@id\":\"https:\\\/\\\/schulen-colditz.de\\\/oberschule\\\/oberschuelerinnen-besuchen-das-mitmach-projekt-zukunftsgaertnern-in-gnandorf\\\/\"},\"author\":{\"name\":\"wasner\",\"@id\":\"https:\\\/\\\/schulen-colditz.de\\\/oberschule\\\/#\\\/schema\\\/person\\\/9d8536c285c01e908653542c8afe029d\"},\"headline\":\"Obersch\u00fcler*innen besuchen das Mitmach-Projekt &#8222;Zukunftsg\u00e4rtner(n) in Gnandorf&#8220;\",\"datePublished\":\"2022-06-09T07:47:52+00:00\",\"dateModified\":\"2022-06-09T08:53:39+00:00\",\"mainEntityOfPage\":{\"@id\":\"https:\\\/\\\/schulen-colditz.de\\\/oberschule\\\/oberschuelerinnen-besuchen-das-mitmach-projekt-zukunftsgaertnern-in-gnandorf\\\/\"},\"wordCount\":345,\"publisher\":{\"@id\":\"https:\\\/\\\/schulen-colditz.de\\\/oberschule\\\/#organization\"},\"image\":{\"@id\":\"https:\\\/\\\/schulen-colditz.de\\\/oberschule\\\/oberschuelerinnen-besuchen-das-mitmach-projekt-zukunftsgaertnern-in-gnandorf\\\/#primaryimage\"},\"thumbnailUrl\":\"https:\\\/\\\/schulen-colditz.de\\\/oberschule\\\/wp-content\\\/uploads\\\/sites\\\/2\\\/2022\\\/06\\\/Mitmachprojekt.jpg\",\"inLanguage\":\"de\"},{\"@type\":\"WebPage\",\"@id\":\"https:\\\/\\\/schulen-colditz.de\\\/oberschule\\\/oberschuelerinnen-besuchen-das-mitmach-projekt-zukunftsgaertnern-in-gnandorf\\\/\",\"url\":\"https:\\\/\\\/schulen-colditz.de\\\/oberschule\\\/oberschuelerinnen-besuchen-das-mitmach-projekt-zukunftsgaertnern-in-gnandorf\\\/\",\"name\":\"Obersch\u00fcler*innen besuchen das Mitmach-Projekt \\\"Zukunftsg\u00e4rtner(n) in Gnandorf\\\" - Oberschule Colditz\",\"isPartOf\":{\"@id\":\"https:\\\/\\\/schulen-colditz.de\\\/oberschule\\\/#website\"},\"primaryImageOfPage\":{\"@id\":\"https:\\\/\\\/schulen-colditz.de\\\/oberschule\\\/oberschuelerinnen-besuchen-das-mitmach-projekt-zukunftsgaertnern-in-gnandorf\\\/#primaryimage\"},\"image\":{\"@id\":\"https:\\\/\\\/schulen-colditz.de\\\/oberschule\\\/oberschuelerinnen-besuchen-das-mitmach-projekt-zukunftsgaertnern-in-gnandorf\\\/#primaryimage\"},\"thumbnailUrl\":\"https:\\\/\\\/schulen-colditz.de\\\/oberschule\\\/wp-content\\\/uploads\\\/sites\\\/2\\\/2022\\\/06\\\/Mitmachprojekt.jpg\",\"datePublished\":\"2022-06-09T07:47:52+00:00\",\"dateModified\":\"2022-06-09T08:53:39+00:00\",\"breadcrumb\":{\"@id\":\"https:\\\/\\\/schulen-colditz.de\\\/oberschule\\\/oberschuelerinnen-besuchen-das-mitmach-projekt-zukunftsgaertnern-in-gnandorf\\\/#breadcrumb\"},\"inLanguage\":\"de\",\"potentialAction\":[{\"@type\":\"ReadAction\",\"target\":[\"https:\\\/\\\/schulen-colditz.de\\\/oberschule\\\/oberschuelerinnen-besuchen-das-mitmach-projekt-zukunftsgaertnern-in-gnandorf\\\/\"]}]},{\"@type\":\"ImageObject\",\"inLanguage\":\"de\",\"@id\":\"https:\\\/\\\/schulen-colditz.de\\\/oberschule\\\/oberschuelerinnen-besuchen-das-mitmach-projekt-zukunftsgaertnern-in-gnandorf\\\/#primaryimage\",\"url\":\"https:\\\/\\\/schulen-colditz.de\\\/oberschule\\\/wp-content\\\/uploads\\\/sites\\\/2\\\/2022\\\/06\\\/Mitmachprojekt.jpg\",\"contentUrl\":\"https:\\\/\\\/schulen-colditz.de\\\/oberschule\\\/wp-content\\\/uploads\\\/sites\\\/2\\\/2022\\\/06\\\/Mitmachprojekt.jpg\",\"width\":1455,\"height\":922},{\"@type\":\"BreadcrumbList\",\"@id\":\"https:\\\/\\\/schulen-colditz.de\\\/oberschule\\\/oberschuelerinnen-besuchen-das-mitmach-projekt-zukunftsgaertnern-in-gnandorf\\\/#breadcrumb\",\"itemListElement\":[{\"@type\":\"ListItem\",\"position\":1,\"name\":\"Startseite\",\"item\":\"https:\\\/\\\/schulen-colditz.de\\\/oberschule\\\/\"},{\"@type\":\"ListItem\",\"position\":2,\"name\":\"Obersch\u00fcler*innen besuchen das Mitmach-Projekt &#8220;Zukunftsg\u00e4rtner(n) in Gnandorf&#8221;\"}]},{\"@type\":\"WebSite\",\"@id\":\"https:\\\/\\\/schulen-colditz.de\\\/oberschule\\\/#website\",\"url\":\"https:\\\/\\\/schulen-colditz.de\\\/oberschule\\\/\",\"name\":\"Oberschule Colditz\",\"description\":\"Hier erfahren Sie alles \u00fcber die Ooberschule Colditz\",\"publisher\":{\"@id\":\"https:\\\/\\\/schulen-colditz.de\\\/oberschule\\\/#organization\"},\"potentialAction\":[{\"@type\":\"SearchAction\",\"target\":{\"@type\":\"EntryPoint\",\"urlTemplate\":\"https:\\\/\\\/schulen-colditz.de\\\/oberschule\\\/?s={search_term_string}\"},\"query-input\":{\"@type\":\"PropertyValueSpecification\",\"valueRequired\":true,\"valueName\":\"search_term_string\"}}],\"inLanguage\":\"de\"},{\"@type\":\"Organization\",\"@id\":\"https:\\\/\\\/schulen-colditz.de\\\/oberschule\\\/#organization\",\"name\":\"Oberschule Colditz\",\"url\":\"https:\\\/\\\/schulen-colditz.de\\\/oberschule\\\/\",\"logo\":{\"@type\":\"ImageObject\",\"inLanguage\":\"de\",\"@id\":\"https:\\\/\\\/schulen-colditz.de\\\/oberschule\\\/#\\\/schema\\\/logo\\\/image\\\/\",\"url\":\"https:\\\/\\\/schulen-colditz.de\\\/oberschule\\\/wp-content\\\/uploads\\\/sites\\\/2\\\/2019\\\/08\\\/cropped-logo-oberschule-1.png\",\"contentUrl\":\"https:\\\/\\\/schulen-colditz.de\\\/oberschule\\\/wp-content\\\/uploads\\\/sites\\\/2\\\/2019\\\/08\\\/cropped-logo-oberschule-1.png\",\"width\":6815,\"height\":1405,\"caption\":\"Oberschule Colditz\"},\"image\":{\"@id\":\"https:\\\/\\\/schulen-colditz.de\\\/oberschule\\\/#\\\/schema\\\/logo\\\/image\\\/\"}},{\"@type\":\"Person\",\"@id\":\"https:\\\/\\\/schulen-colditz.de\\\/oberschule\\\/#\\\/schema\\\/person\\\/9d8536c285c01e908653542c8afe029d\",\"name\":\"wasner\",\"image\":{\"@type\":\"ImageObject\",\"inLanguage\":\"de\",\"@id\":\"https:\\\/\\\/secure.gravatar.com\\\/avatar\\\/e38b5eae3be7a127a47dd6527e93c1816505a98802291c6c161adb0a83eb42cf?s=96&d=mm&r=g\",\"url\":\"https:\\\/\\\/secure.gravatar.com\\\/avatar\\\/e38b5eae3be7a127a47dd6527e93c1816505a98802291c6c161adb0a83eb42cf?s=96&d=mm&r=g\",\"contentUrl\":\"https:\\\/\\\/secure.gravatar.com\\\/avatar\\\/e38b5eae3be7a127a47dd6527e93c1816505a98802291c6c161adb0a83eb42cf?s=96&d=mm&r=g\",\"caption\":\"wasner\"},\"url\":\"https:\\\/\\\/schulen-colditz.de\\\/oberschule\\\/author\\\/wasner\\\/\"}]}<\/script>\n<!-- \/ Yoast SEO plugin. -->","yoast_head_json":{"title":"Obersch\u00fcler*innen besuchen das Mitmach-Projekt \"Zukunftsg\u00e4rtner(n) in Gnandorf\" - Oberschule Colditz","robots":{"index":"index","follow":"follow","max-snippet":"max-snippet:-1","max-image-preview":"max-image-preview:large","max-video-preview":"max-video-preview:-1"},"canonical":"https:\/\/schulen-colditz.de\/oberschule\/oberschuelerinnen-besuchen-das-mitmach-projekt-zukunftsgaertnern-in-gnandorf\/","og_locale":"de_DE","og_type":"article","og_title":"Obersch\u00fcler*innen besuchen das Mitmach-Projekt \"Zukunftsg\u00e4rtner(n) in Gnandorf\" - Oberschule Colditz","og_description":"Obersch\u00fcler*innen besuchen das Mitmach-Projekt: \u201eZukunftsg\u00e4rtner(n) in Gnandorf\u201c F\u00fcr die Sch\u00fclerinnen und Sch\u00fcler (SuS) des Ganztagsangebotes (GTA) Kochen und des GTA Schulgarten derOberschule Colditz wurde der 12. Mai zu&hellip;","og_url":"https:\/\/schulen-colditz.de\/oberschule\/oberschuelerinnen-besuchen-das-mitmach-projekt-zukunftsgaertnern-in-gnandorf\/","og_site_name":"Oberschule Colditz","article_published_time":"2022-06-09T07:47:52+00:00","article_modified_time":"2022-06-09T08:53:39+00:00","og_image":[{"width":1455,"height":922,"url":"https:\/\/schulen-colditz.de\/oberschule\/wp-content\/uploads\/sites\/2\/2022\/06\/Mitmachprojekt.jpg","type":"image\/jpeg"}],"author":"wasner","twitter_card":"summary_large_image","twitter_misc":{"Verfasst von":"wasner","Gesch\u00e4tzte Lesezeit":"2\u00a0Minuten"},"schema":{"@context":"https:\/\/schema.org","@graph":[{"@type":"Article","@id":"https:\/\/schulen-colditz.de\/oberschule\/oberschuelerinnen-besuchen-das-mitmach-projekt-zukunftsgaertnern-in-gnandorf\/#article","isPartOf":{"@id":"https:\/\/schulen-colditz.de\/oberschule\/oberschuelerinnen-besuchen-das-mitmach-projekt-zukunftsgaertnern-in-gnandorf\/"},"author":{"name":"wasner","@id":"https:\/\/schulen-colditz.de\/oberschule\/#\/schema\/person\/9d8536c285c01e908653542c8afe029d"},"headline":"Obersch\u00fcler*innen besuchen das Mitmach-Projekt &#8222;Zukunftsg\u00e4rtner(n) in Gnandorf&#8220;","datePublished":"2022-06-09T07:47:52+00:00","dateModified":"2022-06-09T08:53:39+00:00","mainEntityOfPage":{"@id":"https:\/\/schulen-colditz.de\/oberschule\/oberschuelerinnen-besuchen-das-mitmach-projekt-zukunftsgaertnern-in-gnandorf\/"},"wordCount":345,"publisher":{"@id":"https:\/\/schulen-colditz.de\/oberschule\/#organization"},"image":{"@id":"https:\/\/schulen-colditz.de\/oberschule\/oberschuelerinnen-besuchen-das-mitmach-projekt-zukunftsgaertnern-in-gnandorf\/#primaryimage"},"thumbnailUrl":"https:\/\/schulen-colditz.de\/oberschule\/wp-content\/uploads\/sites\/2\/2022\/06\/Mitmachprojekt.jpg","inLanguage":"de"},{"@type":"WebPage","@id":"https:\/\/schulen-colditz.de\/oberschule\/oberschuelerinnen-besuchen-das-mitmach-projekt-zukunftsgaertnern-in-gnandorf\/","url":"https:\/\/schulen-colditz.de\/oberschule\/oberschuelerinnen-besuchen-das-mitmach-projekt-zukunftsgaertnern-in-gnandorf\/","name":"Obersch\u00fcler*innen besuchen das Mitmach-Projekt \"Zukunftsg\u00e4rtner(n) in Gnandorf\" - Oberschule Colditz","isPartOf":{"@id":"https:\/\/schulen-colditz.de\/oberschule\/#website"},"primaryImageOfPage":{"@id":"https:\/\/schulen-colditz.de\/oberschule\/oberschuelerinnen-besuchen-das-mitmach-projekt-zukunftsgaertnern-in-gnandorf\/#primaryimage"},"image":{"@id":"https:\/\/schulen-colditz.de\/oberschule\/oberschuelerinnen-besuchen-das-mitmach-projekt-zukunftsgaertnern-in-gnandorf\/#primaryimage"},"thumbnailUrl":"https:\/\/schulen-colditz.de\/oberschule\/wp-content\/uploads\/sites\/2\/2022\/06\/Mitmachprojekt.jpg","datePublished":"2022-06-09T07:47:52+00:00","dateModified":"2022-06-09T08:53:39+00:00","breadcrumb":{"@id":"https:\/\/schulen-colditz.de\/oberschule\/oberschuelerinnen-besuchen-das-mitmach-projekt-zukunftsgaertnern-in-gnandorf\/#breadcrumb"},"inLanguage":"de","potentialAction":[{"@type":"ReadAction","target":["https:\/\/schulen-colditz.de\/oberschule\/oberschuelerinnen-besuchen-das-mitmach-projekt-zukunftsgaertnern-in-gnandorf\/"]}]},{"@type":"ImageObject","inLanguage":"de","@id":"https:\/\/schulen-colditz.de\/oberschule\/oberschuelerinnen-besuchen-das-mitmach-projekt-zukunftsgaertnern-in-gnandorf\/#primaryimage","url":"https:\/\/schulen-colditz.de\/oberschule\/wp-content\/uploads\/sites\/2\/2022\/06\/Mitmachprojekt.jpg","contentUrl":"https:\/\/schulen-colditz.de\/oberschule\/wp-content\/uploads\/sites\/2\/2022\/06\/Mitmachprojekt.jpg","width":1455,"height":922},{"@type":"BreadcrumbList","@id":"https:\/\/schulen-colditz.de\/oberschule\/oberschuelerinnen-besuchen-das-mitmach-projekt-zukunftsgaertnern-in-gnandorf\/#breadcrumb","itemListElement":[{"@type":"ListItem","position":1,"name":"Startseite","item":"https:\/\/schulen-colditz.de\/oberschule\/"},{"@type":"ListItem","position":2,"name":"Obersch\u00fcler*innen besuchen das Mitmach-Projekt &#8220;Zukunftsg\u00e4rtner(n) in Gnandorf&#8221;"}]},{"@type":"WebSite","@id":"https:\/\/schulen-colditz.de\/oberschule\/#website","url":"https:\/\/schulen-colditz.de\/oberschule\/","name":"Oberschule Colditz","description":"Hier erfahren Sie alles \u00fcber die Ooberschule Colditz","publisher":{"@id":"https:\/\/schulen-colditz.de\/oberschule\/#organization"},"potentialAction":[{"@type":"SearchAction","target":{"@type":"EntryPoint","urlTemplate":"https:\/\/schulen-colditz.de\/oberschule\/?s={search_term_string}"},"query-input":{"@type":"PropertyValueSpecification","valueRequired":true,"valueName":"search_term_string"}}],"inLanguage":"de"},{"@type":"Organization","@id":"https:\/\/schulen-colditz.de\/oberschule\/#organization","name":"Oberschule Colditz","url":"https:\/\/schulen-colditz.de\/oberschule\/","logo":{"@type":"ImageObject","inLanguage":"de","@id":"https:\/\/schulen-colditz.de\/oberschule\/#\/schema\/logo\/image\/","url":"https:\/\/schulen-colditz.de\/oberschule\/wp-content\/uploads\/sites\/2\/2019\/08\/cropped-logo-oberschule-1.png","contentUrl":"https:\/\/schulen-colditz.de\/oberschule\/wp-content\/uploads\/sites\/2\/2019\/08\/cropped-logo-oberschule-1.png","width":6815,"height":1405,"caption":"Oberschule Colditz"},"image":{"@id":"https:\/\/schulen-colditz.de\/oberschule\/#\/schema\/logo\/image\/"}},{"@type":"Person","@id":"https:\/\/schulen-colditz.de\/oberschule\/#\/schema\/person\/9d8536c285c01e908653542c8afe029d","name":"wasner","image":{"@type":"ImageObject","inLanguage":"de","@id":"https:\/\/secure.gravatar.com\/avatar\/e38b5eae3be7a127a47dd6527e93c1816505a98802291c6c161adb0a83eb42cf?s=96&d=mm&r=g","url":"https:\/\/secure.gravatar.com\/avatar\/e38b5eae3be7a127a47dd6527e93c1816505a98802291c6c161adb0a83eb42cf?s=96&d=mm&r=g","contentUrl":"https:\/\/secure.gravatar.com\/avatar\/e38b5eae3be7a127a47dd6527e93c1816505a98802291c6c161adb0a83eb42cf?s=96&d=mm&r=g","caption":"wasner"},"url":"https:\/\/schulen-colditz.de\/oberschule\/author\/wasner\/"}]}},"uagb_featured_image_src":{"full":["https:\/\/schulen-colditz.de\/oberschule\/wp-content\/uploads\/sites\/2\/2022\/06\/Mitmachprojekt.jpg",1455,922,false],"thumbnail":["https:\/\/schulen-colditz.de\/oberschule\/wp-content\/uploads\/sites\/2\/2022\/06\/Mitmachprojekt-150x150.jpg",150,150,true],"medium":["https:\/\/schulen-colditz.de\/oberschule\/wp-content\/uploads\/sites\/2\/2022\/06\/Mitmachprojekt-300x190.jpg",300,190,true],"medium_large":["https:\/\/schulen-colditz.de\/oberschule\/wp-content\/uploads\/sites\/2\/2022\/06\/Mitmachprojekt-768x487.jpg",580,368,true],"large":["https:\/\/schulen-colditz.de\/oberschule\/wp-content\/uploads\/sites\/2\/2022\/06\/Mitmachprojekt-544x345.jpg",544,345,true],"1536x1536":["https:\/\/schulen-colditz.de\/oberschule\/wp-content\/uploads\/sites\/2\/2022\/06\/Mitmachprojekt.jpg",1455,922,false],"2048x2048":["https:\/\/schulen-colditz.de\/oberschule\/wp-content\/uploads\/sites\/2\/2022\/06\/Mitmachprojekt.jpg",1455,922,false],"post-thumbnail":["https:\/\/schulen-colditz.de\/oberschule\/wp-content\/uploads\/sites\/2\/2022\/06\/Mitmachprojekt.jpg",1455,922,false],"chaplin_preview_image_low_resolution":["https:\/\/schulen-colditz.de\/oberschule\/wp-content\/uploads\/sites\/2\/2022\/06\/Mitmachprojekt-540x342.jpg",540,342,true],"chaplin_preview_image_high_resolution":["https:\/\/schulen-colditz.de\/oberschule\/wp-content\/uploads\/sites\/2\/2022\/06\/Mitmachprojekt-1080x684.jpg",1080,684,true],"chaplin_fullscreen":["https:\/\/schulen-colditz.de\/oberschule\/wp-content\/uploads\/sites\/2\/2022\/06\/Mitmachprojekt.jpg",1455,922,false],"400x250-crop":["https:\/\/schulen-colditz.de\/oberschule\/wp-content\/uploads\/sites\/2\/2022\/06\/Mitmachprojekt.jpg",395,250,false]},"uagb_author_info":{"display_name":"wasner","author_link":"https:\/\/schulen-colditz.de\/oberschule\/author\/wasner\/"},"uagb_comment_info":0,"uagb_excerpt":"Obersch\u00fcler*innen besuchen das Mitmach-Projekt: \u201eZukunftsg\u00e4rtner(n) in Gnandorf\u201c F\u00fcr die Sch\u00fclerinnen und Sch\u00fcler (SuS) des Ganztagsangebotes (GTA) Kochen und des GTA Schulgarten derOberschule Colditz wurde der 12. Mai zu&hellip;","_links":{"self":[{"href":"https:\/\/schulen-colditz.de\/oberschule\/wp-json\/wp\/v2\/posts\/1343","targetHints":{"allow":["GET"]}}],"collection":[{"href":"https:\/\/schulen-colditz.de\/oberschule\/wp-json\/wp\/v2\/posts"}],"about":[{"href":"https:\/\/schulen-colditz.de\/oberschule\/wp-json\/wp\/v2\/types\/post"}],"author":[{"embeddable":true,"href":"https:\/\/schulen-colditz.de\/oberschule\/wp-json\/wp\/v2\/users\/4"}],"replies":[{"embeddable":true,"href":"https:\/\/schulen-colditz.de\/oberschule\/wp-json\/wp\/v2\/comments?post=1343"}],"version-history":[{"count":0,"href":"https:\/\/schulen-colditz.de\/oberschule\/wp-json\/wp\/v2\/posts\/1343\/revisions"}],"wp:featuredmedia":[{"embeddable":true,"href":"https:\/\/schulen-colditz.de\/oberschule\/wp-json\/wp\/v2\/media\/1356"}],"wp:attachment":[{"href":"https:\/\/schulen-colditz.de\/oberschule\/wp-json\/wp\/v2\/media?parent=1343"}],"wp:term":[{"taxonomy":"category","embeddable":true,"href":"https:\/\/schulen-colditz.de\/oberschule\/wp-json\/wp\/v2\/categories?post=1343"},{"taxonomy":"post_tag","embeddable":true,"href":"https:\/\/schulen-colditz.de\/oberschule\/wp-json\/wp\/v2\/tags?post=1343"}],"curies":[{"name":"wp","href":"https:\/\/api.w.org\/{rel}","templated":true}]}}