{"id":524,"date":"2021-09-01T18:44:11","date_gmt":"2021-09-01T16:44:11","guid":{"rendered":"https:\/\/schulen-colditz.de\/grundschulehausdorf\/?p=524"},"modified":"2021-09-01T18:52:15","modified_gmt":"2021-09-01T16:52:15","slug":"informationen-zur-schulanfangsfeier","status":"publish","type":"post","link":"https:\/\/schulen-colditz.de\/grundschulehausdorf\/informationen-zur-schulanfangsfeier\/","title":{"rendered":"Informationen zur Schulanfangsfeier"},"content":{"rendered":"<p>Liebe Eltern, am Samstag, den 6.9.2021, ist es endlich soweit. Ihre Kinder werden Schulkinder und wir freuen uns darauf, Ihre Kinder und Sie an diesem Tag als G\u00e4ste begr\u00fc\u00dfen zu d\u00fcrfen. Beachten Sie nochmals, dass nur Eltern und Geschwisterkinder an der Feier teilnehmen d\u00fcrfen. Weiteren G\u00e4sten k\u00f6nnen wir leider keinen Zutritt gew\u00e4hren. Auch bei der Zuckert\u00fcten\u00fcbergabe ist die Anwesenheit weiterer Personen nicht m\u00f6glich, da diese ebenfalls im Speiseraum stattfinden wird. Eine Testpflicht oder der Nachweis einer Impfung ist f\u00fcr die Schulanf\u00e4nger und Ihre Begleitpersonen nicht notwendig. Ein medizinischer Mund-Nasen-Schutz muss von den Begleitpersonen auf dem Schulgel\u00e4nde bis zur Einnahme des Platzes jedoch getragen werden.<br \/>\nA. B\u00f6hmichen<\/p>\n","protected":false},"excerpt":{"rendered":"<p>Liebe Eltern, am Samstag, den 6.9.2021, ist es endlich soweit. Ihre Kinder werden Schulkinder und wir freuen uns darauf, Ihre Kinder und Sie an diesem Tag als G\u00e4ste&hellip;<\/p>\n","protected":false},"author":4,"featured_media":0,"comment_status":"closed","ping_status":"closed","sticky":false,"template":"","format":"standard","meta":{"_crdt_document":"","inline_featured_image":false,"_uag_custom_page_level_css":"","pgc_sgb_lightbox_settings":"","footnotes":""},"categories":[1],"tags":[],"class_list":["post-524","post","type-post","status-publish","format-standard","has-post-thumbnail","hentry","category-allgemein"],"yoast_head":"<!-- This site is optimized with the Yoast SEO plugin v27.5 - https:\/\/yoast.com\/product\/yoast-seo-wordpress\/ -->\n<title>Informationen zur Schulanfangsfeier - Grundschule Hausdorf<\/title>\n<meta name=\"robots\" content=\"index, follow, max-snippet:-1, max-image-preview:large, max-video-preview:-1\" \/>\n<link rel=\"canonical\" href=\"https:\/\/schulen-colditz.de\/grundschulehausdorf\/informationen-zur-schulanfangsfeier\/\" \/>\n<meta property=\"og:locale\" content=\"de_DE\" \/>\n<meta property=\"og:type\" content=\"article\" \/>\n<meta property=\"og:title\" content=\"Informationen zur Schulanfangsfeier - Grundschule Hausdorf\" \/>\n<meta property=\"og:description\" content=\"Liebe Eltern, am Samstag, den 6.9.2021, ist es endlich soweit. Ihre Kinder werden Schulkinder und wir freuen uns darauf, Ihre Kinder und Sie an diesem Tag als G\u00e4ste&hellip;\" \/>\n<meta property=\"og:url\" content=\"https:\/\/schulen-colditz.de\/grundschulehausdorf\/informationen-zur-schulanfangsfeier\/\" \/>\n<meta property=\"og:site_name\" content=\"Grundschule Hausdorf\" \/>\n<meta property=\"article:published_time\" content=\"2021-09-01T16:44:11+00:00\" \/>\n<meta property=\"article:modified_time\" content=\"2021-09-01T16:52:15+00:00\" \/>\n<meta name=\"author\" content=\"wasner\" \/>\n<meta name=\"twitter:card\" content=\"summary_large_image\" \/>\n<meta name=\"twitter:label1\" content=\"Verfasst von\" \/>\n\t<meta name=\"twitter:data1\" content=\"wasner\" \/>\n\t<meta name=\"twitter:label2\" content=\"Gesch\u00e4tzte Lesezeit\" \/>\n\t<meta name=\"twitter:data2\" content=\"1\u00a0Minute\" \/>\n<script type=\"application\/ld+json\" class=\"yoast-schema-graph\">{\"@context\":\"https:\\\/\\\/schema.org\",\"@graph\":[{\"@type\":\"Article\",\"@id\":\"https:\\\/\\\/schulen-colditz.de\\\/grundschulehausdorf\\\/informationen-zur-schulanfangsfeier\\\/#article\",\"isPartOf\":{\"@id\":\"https:\\\/\\\/schulen-colditz.de\\\/grundschulehausdorf\\\/informationen-zur-schulanfangsfeier\\\/\"},\"author\":{\"name\":\"wasner\",\"@id\":\"https:\\\/\\\/schulen-colditz.de\\\/grundschulehausdorf\\\/#\\\/schema\\\/person\\\/9d8536c285c01e908653542c8afe029d\"},\"headline\":\"Informationen zur Schulanfangsfeier\",\"datePublished\":\"2021-09-01T16:44:11+00:00\",\"dateModified\":\"2021-09-01T16:52:15+00:00\",\"mainEntityOfPage\":{\"@id\":\"https:\\\/\\\/schulen-colditz.de\\\/grundschulehausdorf\\\/informationen-zur-schulanfangsfeier\\\/\"},\"wordCount\":122,\"publisher\":{\"@id\":\"https:\\\/\\\/schulen-colditz.de\\\/grundschulehausdorf\\\/#organization\"},\"inLanguage\":\"de\"},{\"@type\":\"WebPage\",\"@id\":\"https:\\\/\\\/schulen-colditz.de\\\/grundschulehausdorf\\\/informationen-zur-schulanfangsfeier\\\/\",\"url\":\"https:\\\/\\\/schulen-colditz.de\\\/grundschulehausdorf\\\/informationen-zur-schulanfangsfeier\\\/\",\"name\":\"Informationen zur Schulanfangsfeier - Grundschule Hausdorf\",\"isPartOf\":{\"@id\":\"https:\\\/\\\/schulen-colditz.de\\\/grundschulehausdorf\\\/#website\"},\"datePublished\":\"2021-09-01T16:44:11+00:00\",\"dateModified\":\"2021-09-01T16:52:15+00:00\",\"breadcrumb\":{\"@id\":\"https:\\\/\\\/schulen-colditz.de\\\/grundschulehausdorf\\\/informationen-zur-schulanfangsfeier\\\/#breadcrumb\"},\"inLanguage\":\"de\",\"potentialAction\":[{\"@type\":\"ReadAction\",\"target\":[\"https:\\\/\\\/schulen-colditz.de\\\/grundschulehausdorf\\\/informationen-zur-schulanfangsfeier\\\/\"]}]},{\"@type\":\"BreadcrumbList\",\"@id\":\"https:\\\/\\\/schulen-colditz.de\\\/grundschulehausdorf\\\/informationen-zur-schulanfangsfeier\\\/#breadcrumb\",\"itemListElement\":[{\"@type\":\"ListItem\",\"position\":1,\"name\":\"Startseite\",\"item\":\"https:\\\/\\\/schulen-colditz.de\\\/grundschulehausdorf\\\/\"},{\"@type\":\"ListItem\",\"position\":2,\"name\":\"Informationen zur Schulanfangsfeier\"}]},{\"@type\":\"WebSite\",\"@id\":\"https:\\\/\\\/schulen-colditz.de\\\/grundschulehausdorf\\\/#website\",\"url\":\"https:\\\/\\\/schulen-colditz.de\\\/grundschulehausdorf\\\/\",\"name\":\"Grundschule Hausdorf\",\"description\":\"Hier erfahren Sie alles \u00fcber die Grundschule Hausdorf\",\"publisher\":{\"@id\":\"https:\\\/\\\/schulen-colditz.de\\\/grundschulehausdorf\\\/#organization\"},\"potentialAction\":[{\"@type\":\"SearchAction\",\"target\":{\"@type\":\"EntryPoint\",\"urlTemplate\":\"https:\\\/\\\/schulen-colditz.de\\\/grundschulehausdorf\\\/?s={search_term_string}\"},\"query-input\":{\"@type\":\"PropertyValueSpecification\",\"valueRequired\":true,\"valueName\":\"search_term_string\"}}],\"inLanguage\":\"de\"},{\"@type\":\"Organization\",\"@id\":\"https:\\\/\\\/schulen-colditz.de\\\/grundschulehausdorf\\\/#organization\",\"name\":\"Grundschule Hausdorf\",\"url\":\"https:\\\/\\\/schulen-colditz.de\\\/grundschulehausdorf\\\/\",\"logo\":{\"@type\":\"ImageObject\",\"inLanguage\":\"de\",\"@id\":\"https:\\\/\\\/schulen-colditz.de\\\/grundschulehausdorf\\\/#\\\/schema\\\/logo\\\/image\\\/\",\"url\":\"https:\\\/\\\/schulen-colditz.de\\\/grundschulehausdorf\\\/wp-content\\\/uploads\\\/sites\\\/4\\\/2019\\\/08\\\/cropped-logo-hausdorf.png\",\"contentUrl\":\"https:\\\/\\\/schulen-colditz.de\\\/grundschulehausdorf\\\/wp-content\\\/uploads\\\/sites\\\/4\\\/2019\\\/08\\\/cropped-logo-hausdorf.png\",\"width\":6815,\"height\":1405,\"caption\":\"Grundschule Hausdorf\"},\"image\":{\"@id\":\"https:\\\/\\\/schulen-colditz.de\\\/grundschulehausdorf\\\/#\\\/schema\\\/logo\\\/image\\\/\"}},{\"@type\":\"Person\",\"@id\":\"https:\\\/\\\/schulen-colditz.de\\\/grundschulehausdorf\\\/#\\\/schema\\\/person\\\/9d8536c285c01e908653542c8afe029d\",\"name\":\"wasner\",\"image\":{\"@type\":\"ImageObject\",\"inLanguage\":\"de\",\"@id\":\"https:\\\/\\\/secure.gravatar.com\\\/avatar\\\/e38b5eae3be7a127a47dd6527e93c1816505a98802291c6c161adb0a83eb42cf?s=96&d=mm&r=g\",\"url\":\"https:\\\/\\\/secure.gravatar.com\\\/avatar\\\/e38b5eae3be7a127a47dd6527e93c1816505a98802291c6c161adb0a83eb42cf?s=96&d=mm&r=g\",\"contentUrl\":\"https:\\\/\\\/secure.gravatar.com\\\/avatar\\\/e38b5eae3be7a127a47dd6527e93c1816505a98802291c6c161adb0a83eb42cf?s=96&d=mm&r=g\",\"caption\":\"wasner\"},\"url\":\"https:\\\/\\\/schulen-colditz.de\\\/grundschulehausdorf\\\/author\\\/wasner\\\/\"}]}<\/script>\n<!-- \/ Yoast SEO plugin. -->","yoast_head_json":{"title":"Informationen zur Schulanfangsfeier - Grundschule Hausdorf","robots":{"index":"index","follow":"follow","max-snippet":"max-snippet:-1","max-image-preview":"max-image-preview:large","max-video-preview":"max-video-preview:-1"},"canonical":"https:\/\/schulen-colditz.de\/grundschulehausdorf\/informationen-zur-schulanfangsfeier\/","og_locale":"de_DE","og_type":"article","og_title":"Informationen zur Schulanfangsfeier - Grundschule Hausdorf","og_description":"Liebe Eltern, am Samstag, den 6.9.2021, ist es endlich soweit. Ihre Kinder werden Schulkinder und wir freuen uns darauf, Ihre Kinder und Sie an diesem Tag als G\u00e4ste&hellip;","og_url":"https:\/\/schulen-colditz.de\/grundschulehausdorf\/informationen-zur-schulanfangsfeier\/","og_site_name":"Grundschule Hausdorf","article_published_time":"2021-09-01T16:44:11+00:00","article_modified_time":"2021-09-01T16:52:15+00:00","author":"wasner","twitter_card":"summary_large_image","twitter_misc":{"Verfasst von":"wasner","Gesch\u00e4tzte Lesezeit":"1\u00a0Minute"},"schema":{"@context":"https:\/\/schema.org","@graph":[{"@type":"Article","@id":"https:\/\/schulen-colditz.de\/grundschulehausdorf\/informationen-zur-schulanfangsfeier\/#article","isPartOf":{"@id":"https:\/\/schulen-colditz.de\/grundschulehausdorf\/informationen-zur-schulanfangsfeier\/"},"author":{"name":"wasner","@id":"https:\/\/schulen-colditz.de\/grundschulehausdorf\/#\/schema\/person\/9d8536c285c01e908653542c8afe029d"},"headline":"Informationen zur Schulanfangsfeier","datePublished":"2021-09-01T16:44:11+00:00","dateModified":"2021-09-01T16:52:15+00:00","mainEntityOfPage":{"@id":"https:\/\/schulen-colditz.de\/grundschulehausdorf\/informationen-zur-schulanfangsfeier\/"},"wordCount":122,"publisher":{"@id":"https:\/\/schulen-colditz.de\/grundschulehausdorf\/#organization"},"inLanguage":"de"},{"@type":"WebPage","@id":"https:\/\/schulen-colditz.de\/grundschulehausdorf\/informationen-zur-schulanfangsfeier\/","url":"https:\/\/schulen-colditz.de\/grundschulehausdorf\/informationen-zur-schulanfangsfeier\/","name":"Informationen zur Schulanfangsfeier - Grundschule Hausdorf","isPartOf":{"@id":"https:\/\/schulen-colditz.de\/grundschulehausdorf\/#website"},"datePublished":"2021-09-01T16:44:11+00:00","dateModified":"2021-09-01T16:52:15+00:00","breadcrumb":{"@id":"https:\/\/schulen-colditz.de\/grundschulehausdorf\/informationen-zur-schulanfangsfeier\/#breadcrumb"},"inLanguage":"de","potentialAction":[{"@type":"ReadAction","target":["https:\/\/schulen-colditz.de\/grundschulehausdorf\/informationen-zur-schulanfangsfeier\/"]}]},{"@type":"BreadcrumbList","@id":"https:\/\/schulen-colditz.de\/grundschulehausdorf\/informationen-zur-schulanfangsfeier\/#breadcrumb","itemListElement":[{"@type":"ListItem","position":1,"name":"Startseite","item":"https:\/\/schulen-colditz.de\/grundschulehausdorf\/"},{"@type":"ListItem","position":2,"name":"Informationen zur Schulanfangsfeier"}]},{"@type":"WebSite","@id":"https:\/\/schulen-colditz.de\/grundschulehausdorf\/#website","url":"https:\/\/schulen-colditz.de\/grundschulehausdorf\/","name":"Grundschule Hausdorf","description":"Hier erfahren Sie alles \u00fcber die Grundschule Hausdorf","publisher":{"@id":"https:\/\/schulen-colditz.de\/grundschulehausdorf\/#organization"},"potentialAction":[{"@type":"SearchAction","target":{"@type":"EntryPoint","urlTemplate":"https:\/\/schulen-colditz.de\/grundschulehausdorf\/?s={search_term_string}"},"query-input":{"@type":"PropertyValueSpecification","valueRequired":true,"valueName":"search_term_string"}}],"inLanguage":"de"},{"@type":"Organization","@id":"https:\/\/schulen-colditz.de\/grundschulehausdorf\/#organization","name":"Grundschule Hausdorf","url":"https:\/\/schulen-colditz.de\/grundschulehausdorf\/","logo":{"@type":"ImageObject","inLanguage":"de","@id":"https:\/\/schulen-colditz.de\/grundschulehausdorf\/#\/schema\/logo\/image\/","url":"https:\/\/schulen-colditz.de\/grundschulehausdorf\/wp-content\/uploads\/sites\/4\/2019\/08\/cropped-logo-hausdorf.png","contentUrl":"https:\/\/schulen-colditz.de\/grundschulehausdorf\/wp-content\/uploads\/sites\/4\/2019\/08\/cropped-logo-hausdorf.png","width":6815,"height":1405,"caption":"Grundschule Hausdorf"},"image":{"@id":"https:\/\/schulen-colditz.de\/grundschulehausdorf\/#\/schema\/logo\/image\/"}},{"@type":"Person","@id":"https:\/\/schulen-colditz.de\/grundschulehausdorf\/#\/schema\/person\/9d8536c285c01e908653542c8afe029d","name":"wasner","image":{"@type":"ImageObject","inLanguage":"de","@id":"https:\/\/secure.gravatar.com\/avatar\/e38b5eae3be7a127a47dd6527e93c1816505a98802291c6c161adb0a83eb42cf?s=96&d=mm&r=g","url":"https:\/\/secure.gravatar.com\/avatar\/e38b5eae3be7a127a47dd6527e93c1816505a98802291c6c161adb0a83eb42cf?s=96&d=mm&r=g","contentUrl":"https:\/\/secure.gravatar.com\/avatar\/e38b5eae3be7a127a47dd6527e93c1816505a98802291c6c161adb0a83eb42cf?s=96&d=mm&r=g","caption":"wasner"},"url":"https:\/\/schulen-colditz.de\/grundschulehausdorf\/author\/wasner\/"}]}},"uagb_featured_image_src":{"full":false,"thumbnail":false,"medium":false,"medium_large":false,"large":false,"1536x1536":false,"2048x2048":false,"post-thumbnail":false,"chaplin_preview_image_low_resolution":false,"chaplin_preview_image_high_resolution":false,"chaplin_fullscreen":false,"400x250-crop":false},"uagb_author_info":{"display_name":"wasner","author_link":"https:\/\/schulen-colditz.de\/grundschulehausdorf\/author\/wasner\/"},"uagb_comment_info":0,"uagb_excerpt":"Liebe Eltern, am Samstag, den 6.9.2021, ist es endlich soweit. Ihre Kinder werden Schulkinder und wir freuen uns darauf, Ihre Kinder und Sie an diesem Tag als G\u00e4ste&hellip;","_links":{"self":[{"href":"https:\/\/schulen-colditz.de\/grundschulehausdorf\/wp-json\/wp\/v2\/posts\/524","targetHints":{"allow":["GET"]}}],"collection":[{"href":"https:\/\/schulen-colditz.de\/grundschulehausdorf\/wp-json\/wp\/v2\/posts"}],"about":[{"href":"https:\/\/schulen-colditz.de\/grundschulehausdorf\/wp-json\/wp\/v2\/types\/post"}],"author":[{"embeddable":true,"href":"https:\/\/schulen-colditz.de\/grundschulehausdorf\/wp-json\/wp\/v2\/users\/4"}],"replies":[{"embeddable":true,"href":"https:\/\/schulen-colditz.de\/grundschulehausdorf\/wp-json\/wp\/v2\/comments?post=524"}],"version-history":[{"count":0,"href":"https:\/\/schulen-colditz.de\/grundschulehausdorf\/wp-json\/wp\/v2\/posts\/524\/revisions"}],"wp:attachment":[{"href":"https:\/\/schulen-colditz.de\/grundschulehausdorf\/wp-json\/wp\/v2\/media?parent=524"}],"wp:term":[{"taxonomy":"category","embeddable":true,"href":"https:\/\/schulen-colditz.de\/grundschulehausdorf\/wp-json\/wp\/v2\/categories?post=524"},{"taxonomy":"post_tag","embeddable":true,"href":"https:\/\/schulen-colditz.de\/grundschulehausdorf\/wp-json\/wp\/v2\/tags?post=524"}],"curies":[{"name":"wp","href":"https:\/\/api.w.org\/{rel}","templated":true}]}}