{"id":1329,"date":"2026-09-02T11:29:10","date_gmt":"2026-09-02T09:29:10","guid":{"rendered":"https:\/\/schulen-colditz.de\/grundschulehausdorf\/?p=1329"},"modified":"2026-09-02T11:29:11","modified_gmt":"2026-09-02T09:29:11","slug":"praeventionsarbeit-an-der-grundschule-hausdorf","status":"publish","type":"post","link":"https:\/\/schulen-colditz.de\/grundschulehausdorf\/praeventionsarbeit-an-der-grundschule-hausdorf\/","title":{"rendered":"Pr\u00e4ventionsarbeit an der Grundschule Hausdorf"},"content":{"rendered":"\n<p class=\"wp-block-paragraph\">um unsere Kinder in ihrem allt\u00e4glichen Leben zu sch\u00fctzen und zu st\u00e4rken, fand in den Sommermonaten das Selbstbehauptungsprojekt f\u00fcr die Sch\u00fcler und Sch\u00fclerinnen der Grundschule Hausdorf statt. Voller Begeisterung nahmen insgesamt 86 Kinder, von der 1. bis 4.Klasse, teil. Dabei ging es nicht nur um das Erlernen von Techniken k\u00f6rperlicher Selbstverteidigung, sondern insbesondere auch um St\u00e4rkung des Selbstvertrauens. Dank der Kleinprojekte- F\u00f6rderung durch den Landkreis Leipzig, konnten so der Selbstbehauptungstrainer, Michael Stubbe, bezahlt und Materialen zur Durchf\u00fchrung &nbsp;angeschafft werden.<\/p>\n\n\n\n<p class=\"wp-block-paragraph\">Alle hatten eine Menge Spa\u00df beim Training und w\u00fcnschen sich eine n\u00e4chste Runde.<\/p>\n\n\n\n<p class=\"wp-block-paragraph\"><em>Claudia Arnast Schulsozialarbeiterin vom Bildungs- und Sozialwerk Muldental e.V.\/ Stadt Colditz<\/em><\/p>\n\n\n\n<p class=\"wp-block-paragraph\">Foto: priv.<\/p>\n\n\n\n<figure class=\"wp-block-image size-full\"><img loading=\"lazy\" decoding=\"async\" width=\"126\" height=\"53\" src=\"https:\/\/schulen-colditz.de\/grundschulehausdorf\/wp-content\/uploads\/sites\/4\/2026\/05\/Bild3.png\" alt=\"\" class=\"wp-image-1276\"\/><\/figure>\n","protected":false},"excerpt":{"rendered":"<p>um unsere Kinder in ihrem allt\u00e4glichen Leben zu sch\u00fctzen und zu st\u00e4rken, fand in den Sommermonaten das Selbstbehauptungsprojekt f\u00fcr die Sch\u00fcler und Sch\u00fclerinnen der Grundschule Hausdorf statt. Voller&hellip;<\/p>\n","protected":false},"author":6,"featured_media":1332,"comment_status":"closed","ping_status":"closed","sticky":false,"template":"","format":"standard","meta":{"inline_featured_image":false,"_uag_custom_page_level_css":"","pgc_sgb_lightbox_settings":"","footnotes":""},"categories":[1],"tags":[],"class_list":["post-1329","post","type-post","status-publish","format-standard","has-post-thumbnail","hentry","category-allgemein"],"yoast_head":"<!-- This site is optimized with the Yoast SEO plugin v28.4 - https:\/\/yoast.com\/product\/yoast-seo-wordpress\/ -->\n<title>Pr\u00e4ventionsarbeit an der Grundschule Hausdorf - Grundschule Hausdorf<\/title>\n<meta name=\"robots\" content=\"index, follow, max-snippet:-1, max-image-preview:large, max-video-preview:-1\" \/>\n<link rel=\"canonical\" href=\"https:\/\/schulen-colditz.de\/grundschulehausdorf\/praeventionsarbeit-an-der-grundschule-hausdorf\/\" \/>\n<meta property=\"og:locale\" content=\"de_DE\" \/>\n<meta property=\"og:type\" content=\"article\" \/>\n<meta property=\"og:title\" content=\"Pr\u00e4ventionsarbeit an der Grundschule Hausdorf - Grundschule Hausdorf\" \/>\n<meta property=\"og:description\" content=\"um unsere Kinder in ihrem allt\u00e4glichen Leben zu sch\u00fctzen und zu st\u00e4rken, fand in den Sommermonaten das Selbstbehauptungsprojekt f\u00fcr die Sch\u00fcler und Sch\u00fclerinnen der Grundschule Hausdorf statt. Voller&hellip;\" \/>\n<meta property=\"og:url\" content=\"https:\/\/schulen-colditz.de\/grundschulehausdorf\/praeventionsarbeit-an-der-grundschule-hausdorf\/\" \/>\n<meta property=\"og:site_name\" content=\"Grundschule Hausdorf\" \/>\n<meta property=\"article:published_time\" content=\"2026-09-02T09:29:10+00:00\" \/>\n<meta property=\"article:modified_time\" content=\"2026-09-02T09:29:11+00:00\" \/>\n<meta property=\"og:image\" content=\"https:\/\/schulen-colditz.de\/grundschulehausdorf\/wp-content\/uploads\/sites\/4\/2026\/05\/Bild3.png\" \/>\n\t<meta property=\"og:image:width\" content=\"126\" \/>\n\t<meta property=\"og:image:height\" content=\"53\" \/>\n\t<meta property=\"og:image:type\" content=\"image\/png\" \/>\n<meta name=\"author\" content=\"kiessig\" \/>\n<meta name=\"twitter:card\" content=\"summary_large_image\" \/>\n<meta name=\"twitter:label1\" content=\"Verfasst von\" \/>\n\t<meta name=\"twitter:data1\" content=\"kiessig\" \/>\n\t<meta name=\"twitter:label2\" content=\"Gesch\u00e4tzte Lesezeit\" \/>\n\t<meta name=\"twitter:data2\" content=\"1\u00a0Minute\" \/>\n<script type=\"application\/ld+json\" class=\"yoast-schema-graph\">{\"@context\":\"https:\\\/\\\/schema.org\",\"@graph\":[{\"@type\":\"Article\",\"@id\":\"https:\\\/\\\/schulen-colditz.de\\\/grundschulehausdorf\\\/praeventionsarbeit-an-der-grundschule-hausdorf\\\/#article\",\"isPartOf\":{\"@id\":\"https:\\\/\\\/schulen-colditz.de\\\/grundschulehausdorf\\\/praeventionsarbeit-an-der-grundschule-hausdorf\\\/\"},\"author\":{\"name\":\"kiessig\",\"@id\":\"https:\\\/\\\/schulen-colditz.de\\\/grundschulehausdorf\\\/#\\\/schema\\\/person\\\/21f38558d7cf521a5560637fd62e63a3\"},\"headline\":\"Pr\u00e4ventionsarbeit an der Grundschule Hausdorf\",\"datePublished\":\"2026-09-02T09:29:10+00:00\",\"dateModified\":\"2026-09-02T09:29:11+00:00\",\"mainEntityOfPage\":{\"@id\":\"https:\\\/\\\/schulen-colditz.de\\\/grundschulehausdorf\\\/praeventionsarbeit-an-der-grundschule-hausdorf\\\/\"},\"wordCount\":123,\"publisher\":{\"@id\":\"https:\\\/\\\/schulen-colditz.de\\\/grundschulehausdorf\\\/#organization\"},\"image\":{\"@id\":\"https:\\\/\\\/schulen-colditz.de\\\/grundschulehausdorf\\\/praeventionsarbeit-an-der-grundschule-hausdorf\\\/#primaryimage\"},\"thumbnailUrl\":\"https:\\\/\\\/schulen-colditz.de\\\/grundschulehausdorf\\\/wp-content\\\/uploads\\\/sites\\\/4\\\/2026\\\/09\\\/image1.jpeg\",\"inLanguage\":\"de\"},{\"@type\":\"WebPage\",\"@id\":\"https:\\\/\\\/schulen-colditz.de\\\/grundschulehausdorf\\\/praeventionsarbeit-an-der-grundschule-hausdorf\\\/\",\"url\":\"https:\\\/\\\/schulen-colditz.de\\\/grundschulehausdorf\\\/praeventionsarbeit-an-der-grundschule-hausdorf\\\/\",\"name\":\"Pr\u00e4ventionsarbeit an der Grundschule Hausdorf - Grundschule Hausdorf\",\"isPartOf\":{\"@id\":\"https:\\\/\\\/schulen-colditz.de\\\/grundschulehausdorf\\\/#website\"},\"primaryImageOfPage\":{\"@id\":\"https:\\\/\\\/schulen-colditz.de\\\/grundschulehausdorf\\\/praeventionsarbeit-an-der-grundschule-hausdorf\\\/#primaryimage\"},\"image\":{\"@id\":\"https:\\\/\\\/schulen-colditz.de\\\/grundschulehausdorf\\\/praeventionsarbeit-an-der-grundschule-hausdorf\\\/#primaryimage\"},\"thumbnailUrl\":\"https:\\\/\\\/schulen-colditz.de\\\/grundschulehausdorf\\\/wp-content\\\/uploads\\\/sites\\\/4\\\/2026\\\/09\\\/image1.jpeg\",\"datePublished\":\"2026-09-02T09:29:10+00:00\",\"dateModified\":\"2026-09-02T09:29:11+00:00\",\"breadcrumb\":{\"@id\":\"https:\\\/\\\/schulen-colditz.de\\\/grundschulehausdorf\\\/praeventionsarbeit-an-der-grundschule-hausdorf\\\/#breadcrumb\"},\"inLanguage\":\"de\",\"potentialAction\":[{\"@type\":\"ReadAction\",\"target\":[\"https:\\\/\\\/schulen-colditz.de\\\/grundschulehausdorf\\\/praeventionsarbeit-an-der-grundschule-hausdorf\\\/\"]}]},{\"@type\":\"ImageObject\",\"inLanguage\":\"de\",\"@id\":\"https:\\\/\\\/schulen-colditz.de\\\/grundschulehausdorf\\\/praeventionsarbeit-an-der-grundschule-hausdorf\\\/#primaryimage\",\"url\":\"https:\\\/\\\/schulen-colditz.de\\\/grundschulehausdorf\\\/wp-content\\\/uploads\\\/sites\\\/4\\\/2026\\\/09\\\/image1.jpeg\",\"contentUrl\":\"https:\\\/\\\/schulen-colditz.de\\\/grundschulehausdorf\\\/wp-content\\\/uploads\\\/sites\\\/4\\\/2026\\\/09\\\/image1.jpeg\",\"width\":2016,\"height\":1512},{\"@type\":\"BreadcrumbList\",\"@id\":\"https:\\\/\\\/schulen-colditz.de\\\/grundschulehausdorf\\\/praeventionsarbeit-an-der-grundschule-hausdorf\\\/#breadcrumb\",\"itemListElement\":[{\"@type\":\"ListItem\",\"position\":1,\"name\":\"Startseite\",\"item\":\"https:\\\/\\\/schulen-colditz.de\\\/grundschulehausdorf\\\/\"},{\"@type\":\"ListItem\",\"position\":2,\"name\":\"Pr\u00e4ventionsarbeit an der Grundschule Hausdorf\"}]},{\"@type\":\"WebSite\",\"@id\":\"https:\\\/\\\/schulen-colditz.de\\\/grundschulehausdorf\\\/#website\",\"url\":\"https:\\\/\\\/schulen-colditz.de\\\/grundschulehausdorf\\\/\",\"name\":\"Grundschule Hausdorf\",\"description\":\"Hier erfahren Sie alles \u00fcber die Grundschule Hausdorf\",\"publisher\":{\"@id\":\"https:\\\/\\\/schulen-colditz.de\\\/grundschulehausdorf\\\/#organization\"},\"potentialAction\":[{\"@type\":\"SearchAction\",\"target\":{\"@type\":\"EntryPoint\",\"urlTemplate\":\"https:\\\/\\\/schulen-colditz.de\\\/grundschulehausdorf\\\/?s={search_term_string}\"},\"query-input\":{\"@type\":\"PropertyValueSpecification\",\"valueRequired\":true,\"valueName\":\"search_term_string\"}}],\"inLanguage\":\"de\"},{\"@type\":\"Organization\",\"@id\":\"https:\\\/\\\/schulen-colditz.de\\\/grundschulehausdorf\\\/#organization\",\"name\":\"Grundschule Hausdorf\",\"url\":\"https:\\\/\\\/schulen-colditz.de\\\/grundschulehausdorf\\\/\",\"logo\":{\"@type\":\"ImageObject\",\"inLanguage\":\"de\",\"@id\":\"https:\\\/\\\/schulen-colditz.de\\\/grundschulehausdorf\\\/#\\\/schema\\\/logo\\\/image\\\/\",\"url\":\"https:\\\/\\\/schulen-colditz.de\\\/grundschulehausdorf\\\/wp-content\\\/uploads\\\/sites\\\/4\\\/2019\\\/08\\\/cropped-logo-hausdorf.png\",\"contentUrl\":\"https:\\\/\\\/schulen-colditz.de\\\/grundschulehausdorf\\\/wp-content\\\/uploads\\\/sites\\\/4\\\/2019\\\/08\\\/cropped-logo-hausdorf.png\",\"width\":6815,\"height\":1405,\"caption\":\"Grundschule Hausdorf\"},\"image\":{\"@id\":\"https:\\\/\\\/schulen-colditz.de\\\/grundschulehausdorf\\\/#\\\/schema\\\/logo\\\/image\\\/\"}},{\"@type\":\"Person\",\"@id\":\"https:\\\/\\\/schulen-colditz.de\\\/grundschulehausdorf\\\/#\\\/schema\\\/person\\\/21f38558d7cf521a5560637fd62e63a3\",\"name\":\"kiessig\",\"image\":{\"@type\":\"ImageObject\",\"inLanguage\":\"de\",\"@id\":\"https:\\\/\\\/secure.gravatar.com\\\/avatar\\\/5d8f74e507514de8d5f882754892c2c35c1003e0ec5158ab977f44c23bac355b?s=96&d=mm&r=g\",\"url\":\"https:\\\/\\\/secure.gravatar.com\\\/avatar\\\/5d8f74e507514de8d5f882754892c2c35c1003e0ec5158ab977f44c23bac355b?s=96&d=mm&r=g\",\"contentUrl\":\"https:\\\/\\\/secure.gravatar.com\\\/avatar\\\/5d8f74e507514de8d5f882754892c2c35c1003e0ec5158ab977f44c23bac355b?s=96&d=mm&r=g\",\"caption\":\"kiessig\"},\"url\":\"https:\\\/\\\/schulen-colditz.de\\\/grundschulehausdorf\\\/author\\\/kiessig\\\/\"}]}<\/script>\n<!-- \/ Yoast SEO plugin. -->","yoast_head_json":{"title":"Pr\u00e4ventionsarbeit an der Grundschule Hausdorf - Grundschule Hausdorf","robots":{"index":"index","follow":"follow","max-snippet":"max-snippet:-1","max-image-preview":"max-image-preview:large","max-video-preview":"max-video-preview:-1"},"canonical":"https:\/\/schulen-colditz.de\/grundschulehausdorf\/praeventionsarbeit-an-der-grundschule-hausdorf\/","og_locale":"de_DE","og_type":"article","og_title":"Pr\u00e4ventionsarbeit an der Grundschule Hausdorf - Grundschule Hausdorf","og_description":"um unsere Kinder in ihrem allt\u00e4glichen Leben zu sch\u00fctzen und zu st\u00e4rken, fand in den Sommermonaten das Selbstbehauptungsprojekt f\u00fcr die Sch\u00fcler und Sch\u00fclerinnen der Grundschule Hausdorf statt. Voller&hellip;","og_url":"https:\/\/schulen-colditz.de\/grundschulehausdorf\/praeventionsarbeit-an-der-grundschule-hausdorf\/","og_site_name":"Grundschule Hausdorf","article_published_time":"2026-09-02T09:29:10+00:00","article_modified_time":"2026-09-02T09:29:11+00:00","og_image":[{"width":126,"height":53,"url":"https:\/\/schulen-colditz.de\/grundschulehausdorf\/wp-content\/uploads\/sites\/4\/2026\/05\/Bild3.png","type":"image\/png"}],"author":"kiessig","twitter_card":"summary_large_image","twitter_misc":{"Verfasst von":"kiessig","Gesch\u00e4tzte Lesezeit":"1\u00a0Minute"},"schema":{"@context":"https:\/\/schema.org","@graph":[{"@type":"Article","@id":"https:\/\/schulen-colditz.de\/grundschulehausdorf\/praeventionsarbeit-an-der-grundschule-hausdorf\/#article","isPartOf":{"@id":"https:\/\/schulen-colditz.de\/grundschulehausdorf\/praeventionsarbeit-an-der-grundschule-hausdorf\/"},"author":{"name":"kiessig","@id":"https:\/\/schulen-colditz.de\/grundschulehausdorf\/#\/schema\/person\/21f38558d7cf521a5560637fd62e63a3"},"headline":"Pr\u00e4ventionsarbeit an der Grundschule Hausdorf","datePublished":"2026-09-02T09:29:10+00:00","dateModified":"2026-09-02T09:29:11+00:00","mainEntityOfPage":{"@id":"https:\/\/schulen-colditz.de\/grundschulehausdorf\/praeventionsarbeit-an-der-grundschule-hausdorf\/"},"wordCount":123,"publisher":{"@id":"https:\/\/schulen-colditz.de\/grundschulehausdorf\/#organization"},"image":{"@id":"https:\/\/schulen-colditz.de\/grundschulehausdorf\/praeventionsarbeit-an-der-grundschule-hausdorf\/#primaryimage"},"thumbnailUrl":"https:\/\/schulen-colditz.de\/grundschulehausdorf\/wp-content\/uploads\/sites\/4\/2026\/09\/image1.jpeg","inLanguage":"de"},{"@type":"WebPage","@id":"https:\/\/schulen-colditz.de\/grundschulehausdorf\/praeventionsarbeit-an-der-grundschule-hausdorf\/","url":"https:\/\/schulen-colditz.de\/grundschulehausdorf\/praeventionsarbeit-an-der-grundschule-hausdorf\/","name":"Pr\u00e4ventionsarbeit an der Grundschule Hausdorf - Grundschule Hausdorf","isPartOf":{"@id":"https:\/\/schulen-colditz.de\/grundschulehausdorf\/#website"},"primaryImageOfPage":{"@id":"https:\/\/schulen-colditz.de\/grundschulehausdorf\/praeventionsarbeit-an-der-grundschule-hausdorf\/#primaryimage"},"image":{"@id":"https:\/\/schulen-colditz.de\/grundschulehausdorf\/praeventionsarbeit-an-der-grundschule-hausdorf\/#primaryimage"},"thumbnailUrl":"https:\/\/schulen-colditz.de\/grundschulehausdorf\/wp-content\/uploads\/sites\/4\/2026\/09\/image1.jpeg","datePublished":"2026-09-02T09:29:10+00:00","dateModified":"2026-09-02T09:29:11+00:00","breadcrumb":{"@id":"https:\/\/schulen-colditz.de\/grundschulehausdorf\/praeventionsarbeit-an-der-grundschule-hausdorf\/#breadcrumb"},"inLanguage":"de","potentialAction":[{"@type":"ReadAction","target":["https:\/\/schulen-colditz.de\/grundschulehausdorf\/praeventionsarbeit-an-der-grundschule-hausdorf\/"]}]},{"@type":"ImageObject","inLanguage":"de","@id":"https:\/\/schulen-colditz.de\/grundschulehausdorf\/praeventionsarbeit-an-der-grundschule-hausdorf\/#primaryimage","url":"https:\/\/schulen-colditz.de\/grundschulehausdorf\/wp-content\/uploads\/sites\/4\/2026\/09\/image1.jpeg","contentUrl":"https:\/\/schulen-colditz.de\/grundschulehausdorf\/wp-content\/uploads\/sites\/4\/2026\/09\/image1.jpeg","width":2016,"height":1512},{"@type":"BreadcrumbList","@id":"https:\/\/schulen-colditz.de\/grundschulehausdorf\/praeventionsarbeit-an-der-grundschule-hausdorf\/#breadcrumb","itemListElement":[{"@type":"ListItem","position":1,"name":"Startseite","item":"https:\/\/schulen-colditz.de\/grundschulehausdorf\/"},{"@type":"ListItem","position":2,"name":"Pr\u00e4ventionsarbeit an der Grundschule Hausdorf"}]},{"@type":"WebSite","@id":"https:\/\/schulen-colditz.de\/grundschulehausdorf\/#website","url":"https:\/\/schulen-colditz.de\/grundschulehausdorf\/","name":"Grundschule Hausdorf","description":"Hier erfahren Sie alles \u00fcber die Grundschule Hausdorf","publisher":{"@id":"https:\/\/schulen-colditz.de\/grundschulehausdorf\/#organization"},"potentialAction":[{"@type":"SearchAction","target":{"@type":"EntryPoint","urlTemplate":"https:\/\/schulen-colditz.de\/grundschulehausdorf\/?s={search_term_string}"},"query-input":{"@type":"PropertyValueSpecification","valueRequired":true,"valueName":"search_term_string"}}],"inLanguage":"de"},{"@type":"Organization","@id":"https:\/\/schulen-colditz.de\/grundschulehausdorf\/#organization","name":"Grundschule Hausdorf","url":"https:\/\/schulen-colditz.de\/grundschulehausdorf\/","logo":{"@type":"ImageObject","inLanguage":"de","@id":"https:\/\/schulen-colditz.de\/grundschulehausdorf\/#\/schema\/logo\/image\/","url":"https:\/\/schulen-colditz.de\/grundschulehausdorf\/wp-content\/uploads\/sites\/4\/2019\/08\/cropped-logo-hausdorf.png","contentUrl":"https:\/\/schulen-colditz.de\/grundschulehausdorf\/wp-content\/uploads\/sites\/4\/2019\/08\/cropped-logo-hausdorf.png","width":6815,"height":1405,"caption":"Grundschule Hausdorf"},"image":{"@id":"https:\/\/schulen-colditz.de\/grundschulehausdorf\/#\/schema\/logo\/image\/"}},{"@type":"Person","@id":"https:\/\/schulen-colditz.de\/grundschulehausdorf\/#\/schema\/person\/21f38558d7cf521a5560637fd62e63a3","name":"kiessig","image":{"@type":"ImageObject","inLanguage":"de","@id":"https:\/\/secure.gravatar.com\/avatar\/5d8f74e507514de8d5f882754892c2c35c1003e0ec5158ab977f44c23bac355b?s=96&d=mm&r=g","url":"https:\/\/secure.gravatar.com\/avatar\/5d8f74e507514de8d5f882754892c2c35c1003e0ec5158ab977f44c23bac355b?s=96&d=mm&r=g","contentUrl":"https:\/\/secure.gravatar.com\/avatar\/5d8f74e507514de8d5f882754892c2c35c1003e0ec5158ab977f44c23bac355b?s=96&d=mm&r=g","caption":"kiessig"},"url":"https:\/\/schulen-colditz.de\/grundschulehausdorf\/author\/kiessig\/"}]}},"uagb_featured_image_src":{"full":["https:\/\/schulen-colditz.de\/grundschulehausdorf\/wp-content\/uploads\/sites\/4\/2026\/09\/image1.jpeg",2016,1512,false],"thumbnail":["https:\/\/schulen-colditz.de\/grundschulehausdorf\/wp-content\/uploads\/sites\/4\/2026\/09\/image1-150x150.jpeg",150,150,true],"medium":["https:\/\/schulen-colditz.de\/grundschulehausdorf\/wp-content\/uploads\/sites\/4\/2026\/09\/image1-300x225.jpeg",300,225,true],"medium_large":["https:\/\/schulen-colditz.de\/grundschulehausdorf\/wp-content\/uploads\/sites\/4\/2026\/09\/image1-768x576.jpeg",580,435,true],"large":["https:\/\/schulen-colditz.de\/grundschulehausdorf\/wp-content\/uploads\/sites\/4\/2026\/09\/image1-1024x768.jpeg",580,435,true],"1536x1536":["https:\/\/schulen-colditz.de\/grundschulehausdorf\/wp-content\/uploads\/sites\/4\/2026\/09\/image1-1536x1152.jpeg",1536,1152,true],"2048x2048":["https:\/\/schulen-colditz.de\/grundschulehausdorf\/wp-content\/uploads\/sites\/4\/2026\/09\/image1.jpeg",2016,1512,false],"post-thumbnail":["https:\/\/schulen-colditz.de\/grundschulehausdorf\/wp-content\/uploads\/sites\/4\/2026\/09\/image1.jpeg",2016,1512,false],"chaplin_preview_image_low_resolution":["https:\/\/schulen-colditz.de\/grundschulehausdorf\/wp-content\/uploads\/sites\/4\/2026\/09\/image1-540x405.jpeg",540,405,true],"chaplin_preview_image_high_resolution":["https:\/\/schulen-colditz.de\/grundschulehausdorf\/wp-content\/uploads\/sites\/4\/2026\/09\/image1-1080x810.jpeg",1080,810,true],"chaplin_fullscreen":["https:\/\/schulen-colditz.de\/grundschulehausdorf\/wp-content\/uploads\/sites\/4\/2026\/09\/image1-1980x1485.jpeg",1980,1485,true],"400x250-crop":["https:\/\/schulen-colditz.de\/grundschulehausdorf\/wp-content\/uploads\/sites\/4\/2026\/09\/image1-400x250.jpeg",400,250,true]},"uagb_author_info":{"display_name":"kiessig","author_link":"https:\/\/schulen-colditz.de\/grundschulehausdorf\/author\/kiessig\/"},"uagb_comment_info":0,"uagb_excerpt":"um unsere Kinder in ihrem allt\u00e4glichen Leben zu sch\u00fctzen und zu st\u00e4rken, fand in den Sommermonaten das Selbstbehauptungsprojekt f\u00fcr die Sch\u00fcler und Sch\u00fclerinnen der Grundschule Hausdorf statt. Voller&hellip;","_links":{"self":[{"href":"https:\/\/schulen-colditz.de\/grundschulehausdorf\/wp-json\/wp\/v2\/posts\/1329","targetHints":{"allow":["GET"]}}],"collection":[{"href":"https:\/\/schulen-colditz.de\/grundschulehausdorf\/wp-json\/wp\/v2\/posts"}],"about":[{"href":"https:\/\/schulen-colditz.de\/grundschulehausdorf\/wp-json\/wp\/v2\/types\/post"}],"author":[{"embeddable":true,"href":"https:\/\/schulen-colditz.de\/grundschulehausdorf\/wp-json\/wp\/v2\/users\/6"}],"replies":[{"embeddable":true,"href":"https:\/\/schulen-colditz.de\/grundschulehausdorf\/wp-json\/wp\/v2\/comments?post=1329"}],"version-history":[{"count":1,"href":"https:\/\/schulen-colditz.de\/grundschulehausdorf\/wp-json\/wp\/v2\/posts\/1329\/revisions"}],"predecessor-version":[{"id":1330,"href":"https:\/\/schulen-colditz.de\/grundschulehausdorf\/wp-json\/wp\/v2\/posts\/1329\/revisions\/1330"}],"wp:featuredmedia":[{"embeddable":true,"href":"https:\/\/schulen-colditz.de\/grundschulehausdorf\/wp-json\/wp\/v2\/media\/1332"}],"wp:attachment":[{"href":"https:\/\/schulen-colditz.de\/grundschulehausdorf\/wp-json\/wp\/v2\/media?parent=1329"}],"wp:term":[{"taxonomy":"category","embeddable":true,"href":"https:\/\/schulen-colditz.de\/grundschulehausdorf\/wp-json\/wp\/v2\/categories?post=1329"},{"taxonomy":"post_tag","embeddable":true,"href":"https:\/\/schulen-colditz.de\/grundschulehausdorf\/wp-json\/wp\/v2\/tags?post=1329"}],"curies":[{"name":"wp","href":"https:\/\/api.w.org\/{rel}","templated":true}]}}